{"id":112532,"date":"2021-10-13T17:40:15","date_gmt":"2021-10-13T15:40:15","guid":{"rendered":"https:\/\/lifeinvasaqua.com\/2021\/10\/13\/as-ias-e-as-questoes-fluviais-foram-o-foco-da-actividade-do-aspea-lifeinvasaqua-no-dia-mundial-dos-rios\/"},"modified":"2022-05-31T13:33:50","modified_gmt":"2022-05-31T11:33:50","slug":"as-ias-e-as-questoes-fluviais-foram-o-foco-da-actividade-do-aspea-lifeinvasaqua-no-dia-mundial-dos-rios","status":"publish","type":"post","link":"https:\/\/lifeinvasaqua.com\/pt-pt\/as-ias-e-as-questoes-fluviais-foram-o-foco-da-actividade-do-aspea-lifeinvasaqua-no-dia-mundial-dos-rios\/","title":{"rendered":"As IAS e as quest\u00f5es fluviais foram o foco da actividade do ASPEA\/Lifeinvasaqua no Dia Mundial dos Rios."},"content":{"rendered":"<p>A Associa\u00e7\u00e3o Portuguesa de Educa\u00e7\u00e3o Ambiental (ASPEA), em parceria com a C\u00e2mara Municipal de Benavente e no \u00e2mbito da celebra\u00e7\u00e3o do Dia Mundial dos Rios, organizou um evento dedicado aos rios no dia 3 de outubro, na Vala Nova.<\/p>\n<p>Esta atividade, com o mote \u201ccom um p\u00e9 no rio\u201d, teve como principal objetivo proporcionar bons momentos junto ao rio e aproximar o p\u00fablico destes locais. Conhecendo e reconhecendo o potencial e import\u00e2ncia dos rios, ser\u00e1 poss\u00edvel sensibilizar os participantes para a necessidade de conserva\u00e7\u00e3o dos ecossistemas ribeirinhos.<\/p>\n<p>Para tal, os participantes foram desafiados a aprender mais sobre os projetos ligados aos ecossistemas ribeirinhos, a andar de canoa, a fazer um passeio de barco com observa\u00e7\u00e3o de aves e a participar num workshop dedicado a esta tem\u00e1tica.Devido \u00e0s medidas de conting\u00eancia, a participa\u00e7\u00e3o foi limitada a 20 pessoas. Infelizmente, as condi\u00e7\u00f5es climat\u00e9ricas que se fizeram sentir durante a madrugada do dia 3 de outubro fizeram com que alguns dos inscritos n\u00e3o aparecessem no evento, apesar de durante todo o dia n\u00e3o ter chovido e o sol marcou presen\u00e7a.<\/p>\n<p>O dia come\u00e7ou com uma rece\u00e7\u00e3o aos participantes e a primeira atividade realizada foi a canoagem. Acompanhados por dois instrutores, os participantes aprenderam as regras b\u00e1sicas de seguran\u00e7a e de como manobrar a canoa antes de entrar na \u00e1gua. Depois do <em>briefing<\/em>, cada par entrou na sua canoa e seguiu juntamente com os instrutores pela Vala Nova. Durante o passeio os participantes experienciaram uma sensa\u00e7\u00e3o de proximidade ao ecossistema e toda a sua envolvente. \u201cFoi fant\u00e1stico\u201d, \u201cAdorei\u201d, \u201cPor mim continuava mais tempo\u201d foram alguns dos coment\u00e1rios dos participantes ao sair das canoas.<\/p>\n<p>Ap\u00f3s a canoagem, o barco j\u00e1 se encontrava \u00e0 nossa espera para seguirmos viagem, tamb\u00e9m na Vala Nova, mas desta vez com um percurso maior e com uma vertente diferente. Neste percurso, ficar\u00edamos a conhecer mais sobre a hist\u00f3ria do local e as esp\u00e9cies que nele habitam. Acompanhados pelo Diogo, o passeio com mais de uma hora, permitiu observar as diferentes aves que habitam nas margens do rio, entre gar\u00e7as e cegonhas. Infelizmente, durante todo o percurso a presen\u00e7a do jacinto-de-\u00e1gua foi uma constante. Esta planta aqu\u00e1tica invasora com origem na Am\u00e9rica do Sul, foi introduzida em Portugal e est\u00e1 a causar efeitos negativos nos ecossistemas de \u00e1gua doce e estuarinos de todo o pa\u00eds, porque cresce muito r\u00e1pido e provoca a obstru\u00e7\u00e3o dos rios, cobrindo totalmente a sua superf\u00edcie.<\/p>\n<p>Na hora de almo\u00e7o, os participantes foram desafiados a fazer um picnic com zero res\u00edduos e todos fizeram um esfor\u00e7o para produzir o menor n\u00famero poss\u00edvel de res\u00edduos, atrav\u00e9s da utiliza\u00e7\u00e3o de materiais reutiliz\u00e1veis.<\/p>\n<p>Da parte da tarde, como forma de cada um deixar a sua marca na Vala Nova e de refletir sobre a problem\u00e1tica das esp\u00e9cies ex\u00f3ticas invasoras, foi realizado um workshop durante o qual os participantes criaram a sua placa que iria ser fixada num tronco de uma \u00e1rvore \u00e0 entrada do local. Esta foi uma forma de assinalar o Dia Mundial dos Rios e, qui\u00e7\u00e1, da in\u00edcio a uma pr\u00e1tica de cada um que passar por este local deixar o seu testemunho.<\/p>\n<p>&nbsp;<\/p>\n<p>&nbsp;<\/p>\n<p>&nbsp;<\/p>\n<p>&nbsp;<\/p>\n<p>&nbsp;<\/p>\n<p>&nbsp;<\/p>\n<p>&nbsp;<\/p>\n<p>No final do dia, o feedback foi muito positivo. Todos os participantes sa\u00edram de Benavente com vontade de voltar e, acima de tudo, de viver bons momentos junto ao rio.<\/p>\n<p>&nbsp;<\/p>\n<p>A Associa\u00e7\u00e3o Portuguesa de Educa\u00e7\u00e3o Ambiental (ASPEA), em parceria com a C\u00e2mara Municipal de Benavente e no \u00e2mbito da celebra\u00e7\u00e3o do Dia Mundial dos Rios, organizou um evento dedicado aos rios no dia 3 de outubro, na Vala Nova.<\/p>\n<p>Esta atividade, com o mote \u201ccom um p\u00e9 no rio\u201d, teve como principal objetivo proporcionar bons momentos junto ao rio e aproximar o p\u00fablico destes locais. Conhecendo e reconhecendo o potencial e import\u00e2ncia dos rios, ser\u00e1 poss\u00edvel sensibilizar os participantes para a necessidade de conserva\u00e7\u00e3o dos ecossistemas ribeirinhos.<\/p>\n<p>Para tal, os participantes foram desafiados a aprender mais sobre os projetos ligados aos ecossistemas ribeirinhos, a andar de canoa, a fazer um passeio de barco com observa\u00e7\u00e3o de aves e a participar num workshop dedicado a esta tem\u00e1tica. Devido \u00e0s medidas de conting\u00eancia, a participa\u00e7\u00e3o foi limitada a 20 pessoas. Infelizmente, as condi\u00e7\u00f5es climat\u00e9ricas que se fizeram sentir durante a madrugada do dia 3 de outubro fizeram com que alguns dos inscritos n\u00e3o aparecessem no evento, apesar de durante todo o dia n\u00e3o ter chovido e o sol marcou presen\u00e7a.<\/p>\n<p>O dia come\u00e7ou com uma rece\u00e7\u00e3o aos participantes e a primeira atividade realizada foi a canoagem. Acompanhados por dois instrutores, os participantes aprenderam as regras b\u00e1sicas de seguran\u00e7a e de como manobrar a canoa antes de entrar na \u00e1gua. Depois do <em>briefing<\/em>, cada par entrou na sua canoa e seguiu juntamente com os instrutores pela Vala Nova. Durante o passeio os participantes experienciaram uma sensa\u00e7\u00e3o de proximidade ao ecossistema e toda a sua envolvente. \u201cFoi fant\u00e1stico\u201d, \u201cAdorei\u201d, \u201cPor mim continuava mais tempo\u201d foram alguns dos coment\u00e1rios dos participantes ao sair das canoas.<\/p>\n<p>Ap\u00f3s a canoagem, o barco j\u00e1 se encontrava \u00e0 nossa espera para seguirmos viagem, tamb\u00e9m na Vala Nova, mas desta vez com um percurso maior e com uma vertente diferente. Neste percurso, ficar\u00edamos a conhecer mais sobre a hist\u00f3ria do local e as esp\u00e9cies que nele habitam. Acompanhados pelo Diogo, o passeio com mais de uma hora, permitiu observar as diferentes aves que habitam nas margens do rio, entre gar\u00e7as e cegonhas. Infelizmente, durante todo o percurso a presen\u00e7a do jacinto-de-\u00e1gua foi uma constante. Esta planta aqu\u00e1tica invasora com origem na Am\u00e9rica do Sul, foi introduzida em Portugal e est\u00e1 a causar efeitos negativos nos ecossistemas de \u00e1gua doce e estuarinos de todo o pa\u00eds, porque cresce muito r\u00e1pido e provoca a obstru\u00e7\u00e3o dos rios, cobrindo totalmente a sua superf\u00edcie.<\/p>\n<p>Na hora de almo\u00e7o, os participantes foram desafiados a fazer um picnic com zero res\u00edduos e todos fizeram um esfor\u00e7o para produzir o menor n\u00famero poss\u00edvel de res\u00edduos, atrav\u00e9s da utiliza\u00e7\u00e3o de materiais reutiliz\u00e1veis.<\/p>\n<p>Da parte da tarde, como forma de cada um deixar a sua marca na Vala Nova e de refletir sobre a problem\u00e1tica das esp\u00e9cies ex\u00f3ticas invasoras, foi realizado um workshop durante o qual os participantes criaram a sua placa que iria ser fixada num tronco de uma \u00e1rvore \u00e0 entrada do local. Esta foi uma forma de assinalar o Dia Mundial dos Rios e, qui\u00e7\u00e1, dar in\u00edcio a uma pr\u00e1tica de cada um que passar por este local deixar o seu testemunho.<\/p>\n<p>&nbsp;<\/p>\n<p>&nbsp;<\/p>\n<p>&nbsp;<\/p>\n<p>&nbsp;<\/p>\n<p>&nbsp;<\/p>\n<p>&nbsp;<\/p>\n<p>&nbsp;<\/p>\n<p>&nbsp;<\/p>\n<p>&nbsp;<\/p>\n<p>&nbsp;<\/p>\n<p>&nbsp;<\/p>\n<p>&nbsp;<\/p>\n<p>&nbsp;<\/p>\n<p>&nbsp;<\/p>\n<p>&nbsp;<\/p>\n<p>&nbsp;<\/p>\n<p>&nbsp;<\/p>\n<p>&nbsp;<\/p>\n<p>&nbsp;<\/p>\n<p>&nbsp;<\/p>\n<p>&nbsp;<\/p>\n<p>&nbsp;<\/p>\n<p>&nbsp;<\/p>\n<p>No final do dia, o feedback foi muito positivo. Todos os participantes sa\u00edram de Benavente com vontade de voltar e, acima de tudo, de viver bons momentos junto ao rio.<\/p>\n<p>&nbsp;<\/p>\n<p>&nbsp;<\/p>\n<p>&nbsp;<\/p>\n<p>&nbsp;<\/p>\n","protected":false},"excerpt":{"rendered":"<p>A Associa\u00e7\u00e3o Portuguesa de Educa\u00e7\u00e3o Ambiental (ASPEA), em parceria com a C\u00e2mara Municipal de Benavente e no \u00e2mbito da celebra\u00e7\u00e3o do Dia Mundial dos Rios, organizou um evento dedicado aos rios no dia 3 de outubro, na Vala Nova. Esta atividade, com o mote \u201ccom&#8230;<\/p>\n","protected":false},"author":198164074,"featured_media":92969,"comment_status":"open","ping_status":"open","sticky":false,"template":"","format":"standard","meta":{"_acf_changed":false,"_jetpack_newsletter_access":"","_jetpack_dont_email_post_to_subs":false,"_jetpack_newsletter_tier_id":0,"_jetpack_memberships_contains_paywalled_content":false,"_wpcom_ai_launchpad_first_post":false,"_jetpack_feature_clip_id":0,"_jetpack_memberships_contains_paid_content":false,"footnotes":"","jetpack_publicize_message":"","jetpack_publicize_feature_enabled":true,"jetpack_social_post_already_shared":false,"jetpack_social_options":{"image_generator_settings":{"template":"highway","default_image_id":0,"font":"","enabled":false},"version":2},"jetpack_post_was_ever_published":false},"categories":[121882,121881],"tags":[121981,121982,121973,121984],"class_list":["post-112532","post","type-post","status-publish","format-standard","has-post-thumbnail","hentry","category-hitosinvasaqua-pt-pt","category-noticias-pt-pt","tag-eei-acuaticas-pt-pt","tag-especies-exoticas-invasoras-en-espana-pt-pt","tag-life-invasaqua-pt-pt","tag-otras_eei-pt-pt"],"acf":[],"yoast_head":"<!-- This site is optimized with the Yoast SEO plugin v28.3 - https:\/\/yoast.com\/product\/yoast-seo-wordpress\/ -->\n<title>As IAS e as quest\u00f5es fluviais foram o foco da actividade do ASPEA\/Lifeinvasaqua no Dia Mundial dos Rios. - Life Invasaqua<\/title>\n<meta name=\"description\" content=\"A ASPEA e a C\u00e2mara Municipal de Benavente celebraram o Dia Mundial dos Rios em Vala Nova, com um evento de sensibiliza\u00e7\u00e3o para o projecto LifeInvasaqua e o problema das esp\u00e9cies ex\u00f3ticas invasoras aqu\u00e1ticas.\" \/>\n<meta name=\"robots\" content=\"index, follow, max-snippet:-1, max-image-preview:large, max-video-preview:-1\" \/>\n<link rel=\"canonical\" href=\"https:\/\/lifeinvasaqua.com\/pt-pt\/as-ias-e-as-questoes-fluviais-foram-o-foco-da-actividade-do-aspea-lifeinvasaqua-no-dia-mundial-dos-rios\/\" \/>\n<meta property=\"og:locale\" content=\"pt_PT\" \/>\n<meta property=\"og:type\" content=\"article\" \/>\n<meta property=\"og:title\" content=\"As IAS e as quest\u00f5es fluviais foram o foco da actividade do ASPEA\/Lifeinvasaqua no Dia Mundial dos Rios. - Life Invasaqua\" \/>\n<meta property=\"og:description\" content=\"A ASPEA e a C\u00e2mara Municipal de Benavente celebraram o Dia Mundial dos Rios em Vala Nova, com um evento de sensibiliza\u00e7\u00e3o para o projecto LifeInvasaqua e o problema das esp\u00e9cies ex\u00f3ticas invasoras aqu\u00e1ticas.\" \/>\n<meta property=\"og:url\" content=\"https:\/\/lifeinvasaqua.com\/pt-pt\/as-ias-e-as-questoes-fluviais-foram-o-foco-da-actividade-do-aspea-lifeinvasaqua-no-dia-mundial-dos-rios\/\" \/>\n<meta property=\"og:site_name\" content=\"Life Invasaqua\" \/>\n<meta property=\"article:publisher\" content=\"https:\/\/www.facebook.com\/Lifeinvasaqua\/\" \/>\n<meta property=\"article:published_time\" content=\"2021-10-13T15:40:15+00:00\" \/>\n<meta property=\"article:modified_time\" content=\"2022-05-31T11:33:50+00:00\" \/>\n<meta property=\"og:image\" content=\"https:\/\/lifeinvasaqua.com\/wp-content\/uploads\/2021\/10\/Invasaqua-aspea-dia-rios-1.jpg\" \/>\n\t<meta property=\"og:image:width\" content=\"1299\" \/>\n\t<meta property=\"og:image:height\" content=\"972\" \/>\n\t<meta property=\"og:image:type\" content=\"image\/jpeg\" \/>\n<meta name=\"author\" content=\"lifeEditor\" \/>\n<meta name=\"twitter:card\" content=\"summary_large_image\" \/>\n<meta name=\"twitter:creator\" content=\"@lifeinvasaqua\" \/>\n<meta name=\"twitter:site\" content=\"@lifeinvasaqua\" \/>\n<script type=\"application\/ld+json\" class=\"yoast-schema-graph\">{\"@context\":\"https:\\\/\\\/schema.org\",\"@graph\":[{\"@type\":\"Article\",\"@id\":\"https:\\\/\\\/lifeinvasaqua.com\\\/pt-pt\\\/as-ias-e-as-questoes-fluviais-foram-o-foco-da-actividade-do-aspea-lifeinvasaqua-no-dia-mundial-dos-rios\\\/#article\",\"isPartOf\":{\"@id\":\"https:\\\/\\\/lifeinvasaqua.com\\\/pt-pt\\\/as-ias-e-as-questoes-fluviais-foram-o-foco-da-actividade-do-aspea-lifeinvasaqua-no-dia-mundial-dos-rios\\\/\"},\"author\":{\"name\":\"lifeEditor\",\"@id\":\"https:\\\/\\\/lifeinvasaqua.com\\\/pt-pt\\\/#\\\/schema\\\/person\\\/8af4d4239e9cda4d925c162fe65b1fb3\"},\"headline\":\"As IAS e as quest\u00f5es fluviais foram o foco da actividade do ASPEA\\\/Lifeinvasaqua no Dia Mundial dos Rios.\",\"datePublished\":\"2021-10-13T15:40:15+00:00\",\"dateModified\":\"2022-05-31T11:33:50+00:00\",\"mainEntityOfPage\":{\"@id\":\"https:\\\/\\\/lifeinvasaqua.com\\\/pt-pt\\\/as-ias-e-as-questoes-fluviais-foram-o-foco-da-actividade-do-aspea-lifeinvasaqua-no-dia-mundial-dos-rios\\\/\"},\"wordCount\":1243,\"commentCount\":0,\"image\":{\"@id\":\"https:\\\/\\\/lifeinvasaqua.com\\\/pt-pt\\\/as-ias-e-as-questoes-fluviais-foram-o-foco-da-actividade-do-aspea-lifeinvasaqua-no-dia-mundial-dos-rios\\\/#primaryimage\"},\"thumbnailUrl\":\"https:\\\/\\\/i0.wp.com\\\/lifeinvasaqua.com\\\/wp-content\\\/uploads\\\/2021\\\/10\\\/Invasaqua-aspea-dia-rios-1.jpg?fit=1299%2C972&ssl=1\",\"keywords\":[\"eei acuaticas\",\"especies ex\u00f3ticas invasoras en Espa\u00f1a\",\"life invasaqua\",\"otras_eei\"],\"articleSection\":[\"Marcos\",\"Not\u00edcias\"],\"inLanguage\":\"pt-PT\",\"potentialAction\":[{\"@type\":\"CommentAction\",\"name\":\"Comment\",\"target\":[\"https:\\\/\\\/lifeinvasaqua.com\\\/pt-pt\\\/as-ias-e-as-questoes-fluviais-foram-o-foco-da-actividade-do-aspea-lifeinvasaqua-no-dia-mundial-dos-rios\\\/#respond\"]}]},{\"@type\":\"WebPage\",\"@id\":\"https:\\\/\\\/lifeinvasaqua.com\\\/pt-pt\\\/as-ias-e-as-questoes-fluviais-foram-o-foco-da-actividade-do-aspea-lifeinvasaqua-no-dia-mundial-dos-rios\\\/\",\"url\":\"https:\\\/\\\/lifeinvasaqua.com\\\/pt-pt\\\/as-ias-e-as-questoes-fluviais-foram-o-foco-da-actividade-do-aspea-lifeinvasaqua-no-dia-mundial-dos-rios\\\/\",\"name\":\"As IAS e as quest\u00f5es fluviais foram o foco da actividade do ASPEA\\\/Lifeinvasaqua no Dia Mundial dos Rios. - Life Invasaqua\",\"isPartOf\":{\"@id\":\"https:\\\/\\\/lifeinvasaqua.com\\\/pt-pt\\\/#website\"},\"primaryImageOfPage\":{\"@id\":\"https:\\\/\\\/lifeinvasaqua.com\\\/pt-pt\\\/as-ias-e-as-questoes-fluviais-foram-o-foco-da-actividade-do-aspea-lifeinvasaqua-no-dia-mundial-dos-rios\\\/#primaryimage\"},\"image\":{\"@id\":\"https:\\\/\\\/lifeinvasaqua.com\\\/pt-pt\\\/as-ias-e-as-questoes-fluviais-foram-o-foco-da-actividade-do-aspea-lifeinvasaqua-no-dia-mundial-dos-rios\\\/#primaryimage\"},\"thumbnailUrl\":\"https:\\\/\\\/i0.wp.com\\\/lifeinvasaqua.com\\\/wp-content\\\/uploads\\\/2021\\\/10\\\/Invasaqua-aspea-dia-rios-1.jpg?fit=1299%2C972&ssl=1\",\"datePublished\":\"2021-10-13T15:40:15+00:00\",\"dateModified\":\"2022-05-31T11:33:50+00:00\",\"author\":{\"@id\":\"https:\\\/\\\/lifeinvasaqua.com\\\/pt-pt\\\/#\\\/schema\\\/person\\\/8af4d4239e9cda4d925c162fe65b1fb3\"},\"description\":\"A ASPEA e a C\u00e2mara Municipal de Benavente celebraram o Dia Mundial dos Rios em Vala Nova, com um evento de sensibiliza\u00e7\u00e3o para o projecto LifeInvasaqua e o problema das esp\u00e9cies ex\u00f3ticas invasoras aqu\u00e1ticas.\",\"inLanguage\":\"pt-PT\",\"potentialAction\":[{\"@type\":\"ReadAction\",\"target\":[\"https:\\\/\\\/lifeinvasaqua.com\\\/pt-pt\\\/as-ias-e-as-questoes-fluviais-foram-o-foco-da-actividade-do-aspea-lifeinvasaqua-no-dia-mundial-dos-rios\\\/\"]}]},{\"@type\":\"ImageObject\",\"inLanguage\":\"pt-PT\",\"@id\":\"https:\\\/\\\/lifeinvasaqua.com\\\/pt-pt\\\/as-ias-e-as-questoes-fluviais-foram-o-foco-da-actividade-do-aspea-lifeinvasaqua-no-dia-mundial-dos-rios\\\/#primaryimage\",\"url\":\"https:\\\/\\\/i0.wp.com\\\/lifeinvasaqua.com\\\/wp-content\\\/uploads\\\/2021\\\/10\\\/Invasaqua-aspea-dia-rios-1.jpg?fit=1299%2C972&ssl=1\",\"contentUrl\":\"https:\\\/\\\/i0.wp.com\\\/lifeinvasaqua.com\\\/wp-content\\\/uploads\\\/2021\\\/10\\\/Invasaqua-aspea-dia-rios-1.jpg?fit=1299%2C972&ssl=1\",\"width\":1299,\"height\":972,\"caption\":\"||||||\"},{\"@type\":\"WebSite\",\"@id\":\"https:\\\/\\\/lifeinvasaqua.com\\\/pt-pt\\\/#website\",\"url\":\"https:\\\/\\\/lifeinvasaqua.com\\\/pt-pt\\\/\",\"name\":\"Life Invasaqua\",\"description\":\"\",\"potentialAction\":[{\"@type\":\"SearchAction\",\"target\":{\"@type\":\"EntryPoint\",\"urlTemplate\":\"https:\\\/\\\/lifeinvasaqua.com\\\/pt-pt\\\/?s={search_term_string}\"},\"query-input\":{\"@type\":\"PropertyValueSpecification\",\"valueRequired\":true,\"valueName\":\"search_term_string\"}}],\"inLanguage\":\"pt-PT\"},{\"@type\":\"Person\",\"@id\":\"https:\\\/\\\/lifeinvasaqua.com\\\/pt-pt\\\/#\\\/schema\\\/person\\\/8af4d4239e9cda4d925c162fe65b1fb3\",\"name\":\"lifeEditor\",\"image\":{\"@type\":\"ImageObject\",\"inLanguage\":\"pt-PT\",\"@id\":\"https:\\\/\\\/secure.gravatar.com\\\/avatar\\\/7633ff698dc5aea47911bfd190b160fffdabdadbbbd61d52c102058355de331e?s=96&d=identicon&r=g\",\"url\":\"https:\\\/\\\/secure.gravatar.com\\\/avatar\\\/7633ff698dc5aea47911bfd190b160fffdabdadbbbd61d52c102058355de331e?s=96&d=identicon&r=g\",\"contentUrl\":\"https:\\\/\\\/secure.gravatar.com\\\/avatar\\\/7633ff698dc5aea47911bfd190b160fffdabdadbbbd61d52c102058355de331e?s=96&d=identicon&r=g\",\"caption\":\"lifeEditor\"},\"description\":\"LIFE17 GIE\\\/ES\\\/000515 Life Invasaqua de la UE. Especies ex\u00f3ticas invasoras de agua dulce y sistemas estuarinos: sensibilizaci\u00f3n y prevenci\u00f3n en la Pen\u00ednsula Ib\u00e9rica\",\"sameAs\":[\"http:\\\/\\\/www.efeverde.com\"],\"url\":\"https:\\\/\\\/lifeinvasaqua.com\\\/pt-pt\\\/author\\\/lifeeditor\\\/\"}]}<\/script>\n<!-- \/ Yoast SEO plugin. -->","yoast_head_json":{"title":"As IAS e as quest\u00f5es fluviais foram o foco da actividade do ASPEA\/Lifeinvasaqua no Dia Mundial dos Rios. - Life Invasaqua","description":"A ASPEA e a C\u00e2mara Municipal de Benavente celebraram o Dia Mundial dos Rios em Vala Nova, com um evento de sensibiliza\u00e7\u00e3o para o projecto LifeInvasaqua e o problema das esp\u00e9cies ex\u00f3ticas invasoras aqu\u00e1ticas.","robots":{"index":"index","follow":"follow","max-snippet":"max-snippet:-1","max-image-preview":"max-image-preview:large","max-video-preview":"max-video-preview:-1"},"canonical":"https:\/\/lifeinvasaqua.com\/pt-pt\/as-ias-e-as-questoes-fluviais-foram-o-foco-da-actividade-do-aspea-lifeinvasaqua-no-dia-mundial-dos-rios\/","og_locale":"pt_PT","og_type":"article","og_title":"As IAS e as quest\u00f5es fluviais foram o foco da actividade do ASPEA\/Lifeinvasaqua no Dia Mundial dos Rios. - Life Invasaqua","og_description":"A ASPEA e a C\u00e2mara Municipal de Benavente celebraram o Dia Mundial dos Rios em Vala Nova, com um evento de sensibiliza\u00e7\u00e3o para o projecto LifeInvasaqua e o problema das esp\u00e9cies ex\u00f3ticas invasoras aqu\u00e1ticas.","og_url":"https:\/\/lifeinvasaqua.com\/pt-pt\/as-ias-e-as-questoes-fluviais-foram-o-foco-da-actividade-do-aspea-lifeinvasaqua-no-dia-mundial-dos-rios\/","og_site_name":"Life Invasaqua","article_publisher":"https:\/\/www.facebook.com\/Lifeinvasaqua\/","article_published_time":"2021-10-13T15:40:15+00:00","article_modified_time":"2022-05-31T11:33:50+00:00","og_image":[{"width":1299,"height":972,"url":"https:\/\/lifeinvasaqua.com\/wp-content\/uploads\/2021\/10\/Invasaqua-aspea-dia-rios-1.jpg","type":"image\/jpeg"}],"author":"lifeEditor","twitter_card":"summary_large_image","twitter_creator":"@lifeinvasaqua","twitter_site":"@lifeinvasaqua","schema":{"@context":"https:\/\/schema.org","@graph":[{"@type":"Article","@id":"https:\/\/lifeinvasaqua.com\/pt-pt\/as-ias-e-as-questoes-fluviais-foram-o-foco-da-actividade-do-aspea-lifeinvasaqua-no-dia-mundial-dos-rios\/#article","isPartOf":{"@id":"https:\/\/lifeinvasaqua.com\/pt-pt\/as-ias-e-as-questoes-fluviais-foram-o-foco-da-actividade-do-aspea-lifeinvasaqua-no-dia-mundial-dos-rios\/"},"author":{"name":"lifeEditor","@id":"https:\/\/lifeinvasaqua.com\/pt-pt\/#\/schema\/person\/8af4d4239e9cda4d925c162fe65b1fb3"},"headline":"As IAS e as quest\u00f5es fluviais foram o foco da actividade do ASPEA\/Lifeinvasaqua no Dia Mundial dos Rios.","datePublished":"2021-10-13T15:40:15+00:00","dateModified":"2022-05-31T11:33:50+00:00","mainEntityOfPage":{"@id":"https:\/\/lifeinvasaqua.com\/pt-pt\/as-ias-e-as-questoes-fluviais-foram-o-foco-da-actividade-do-aspea-lifeinvasaqua-no-dia-mundial-dos-rios\/"},"wordCount":1243,"commentCount":0,"image":{"@id":"https:\/\/lifeinvasaqua.com\/pt-pt\/as-ias-e-as-questoes-fluviais-foram-o-foco-da-actividade-do-aspea-lifeinvasaqua-no-dia-mundial-dos-rios\/#primaryimage"},"thumbnailUrl":"https:\/\/i0.wp.com\/lifeinvasaqua.com\/wp-content\/uploads\/2021\/10\/Invasaqua-aspea-dia-rios-1.jpg?fit=1299%2C972&ssl=1","keywords":["eei acuaticas","especies ex\u00f3ticas invasoras en Espa\u00f1a","life invasaqua","otras_eei"],"articleSection":["Marcos","Not\u00edcias"],"inLanguage":"pt-PT","potentialAction":[{"@type":"CommentAction","name":"Comment","target":["https:\/\/lifeinvasaqua.com\/pt-pt\/as-ias-e-as-questoes-fluviais-foram-o-foco-da-actividade-do-aspea-lifeinvasaqua-no-dia-mundial-dos-rios\/#respond"]}]},{"@type":"WebPage","@id":"https:\/\/lifeinvasaqua.com\/pt-pt\/as-ias-e-as-questoes-fluviais-foram-o-foco-da-actividade-do-aspea-lifeinvasaqua-no-dia-mundial-dos-rios\/","url":"https:\/\/lifeinvasaqua.com\/pt-pt\/as-ias-e-as-questoes-fluviais-foram-o-foco-da-actividade-do-aspea-lifeinvasaqua-no-dia-mundial-dos-rios\/","name":"As IAS e as quest\u00f5es fluviais foram o foco da actividade do ASPEA\/Lifeinvasaqua no Dia Mundial dos Rios. - Life Invasaqua","isPartOf":{"@id":"https:\/\/lifeinvasaqua.com\/pt-pt\/#website"},"primaryImageOfPage":{"@id":"https:\/\/lifeinvasaqua.com\/pt-pt\/as-ias-e-as-questoes-fluviais-foram-o-foco-da-actividade-do-aspea-lifeinvasaqua-no-dia-mundial-dos-rios\/#primaryimage"},"image":{"@id":"https:\/\/lifeinvasaqua.com\/pt-pt\/as-ias-e-as-questoes-fluviais-foram-o-foco-da-actividade-do-aspea-lifeinvasaqua-no-dia-mundial-dos-rios\/#primaryimage"},"thumbnailUrl":"https:\/\/i0.wp.com\/lifeinvasaqua.com\/wp-content\/uploads\/2021\/10\/Invasaqua-aspea-dia-rios-1.jpg?fit=1299%2C972&ssl=1","datePublished":"2021-10-13T15:40:15+00:00","dateModified":"2022-05-31T11:33:50+00:00","author":{"@id":"https:\/\/lifeinvasaqua.com\/pt-pt\/#\/schema\/person\/8af4d4239e9cda4d925c162fe65b1fb3"},"description":"A ASPEA e a C\u00e2mara Municipal de Benavente celebraram o Dia Mundial dos Rios em Vala Nova, com um evento de sensibiliza\u00e7\u00e3o para o projecto LifeInvasaqua e o problema das esp\u00e9cies ex\u00f3ticas invasoras aqu\u00e1ticas.","inLanguage":"pt-PT","potentialAction":[{"@type":"ReadAction","target":["https:\/\/lifeinvasaqua.com\/pt-pt\/as-ias-e-as-questoes-fluviais-foram-o-foco-da-actividade-do-aspea-lifeinvasaqua-no-dia-mundial-dos-rios\/"]}]},{"@type":"ImageObject","inLanguage":"pt-PT","@id":"https:\/\/lifeinvasaqua.com\/pt-pt\/as-ias-e-as-questoes-fluviais-foram-o-foco-da-actividade-do-aspea-lifeinvasaqua-no-dia-mundial-dos-rios\/#primaryimage","url":"https:\/\/i0.wp.com\/lifeinvasaqua.com\/wp-content\/uploads\/2021\/10\/Invasaqua-aspea-dia-rios-1.jpg?fit=1299%2C972&ssl=1","contentUrl":"https:\/\/i0.wp.com\/lifeinvasaqua.com\/wp-content\/uploads\/2021\/10\/Invasaqua-aspea-dia-rios-1.jpg?fit=1299%2C972&ssl=1","width":1299,"height":972,"caption":"||||||"},{"@type":"WebSite","@id":"https:\/\/lifeinvasaqua.com\/pt-pt\/#website","url":"https:\/\/lifeinvasaqua.com\/pt-pt\/","name":"Life Invasaqua","description":"","potentialAction":[{"@type":"SearchAction","target":{"@type":"EntryPoint","urlTemplate":"https:\/\/lifeinvasaqua.com\/pt-pt\/?s={search_term_string}"},"query-input":{"@type":"PropertyValueSpecification","valueRequired":true,"valueName":"search_term_string"}}],"inLanguage":"pt-PT"},{"@type":"Person","@id":"https:\/\/lifeinvasaqua.com\/pt-pt\/#\/schema\/person\/8af4d4239e9cda4d925c162fe65b1fb3","name":"lifeEditor","image":{"@type":"ImageObject","inLanguage":"pt-PT","@id":"https:\/\/secure.gravatar.com\/avatar\/7633ff698dc5aea47911bfd190b160fffdabdadbbbd61d52c102058355de331e?s=96&d=identicon&r=g","url":"https:\/\/secure.gravatar.com\/avatar\/7633ff698dc5aea47911bfd190b160fffdabdadbbbd61d52c102058355de331e?s=96&d=identicon&r=g","contentUrl":"https:\/\/secure.gravatar.com\/avatar\/7633ff698dc5aea47911bfd190b160fffdabdadbbbd61d52c102058355de331e?s=96&d=identicon&r=g","caption":"lifeEditor"},"description":"LIFE17 GIE\/ES\/000515 Life Invasaqua de la UE. Especies ex\u00f3ticas invasoras de agua dulce y sistemas estuarinos: sensibilizaci\u00f3n y prevenci\u00f3n en la Pen\u00ednsula Ib\u00e9rica","sameAs":["http:\/\/www.efeverde.com"],"url":"https:\/\/lifeinvasaqua.com\/pt-pt\/author\/lifeeditor\/"}]}},"jetpack_publicize_connections":[],"jetpack_shortlink":"https:\/\/wp.me\/pdZEhQ-th2","jetpack_sharing_enabled":true,"jetpack_featured_media_url":"https:\/\/i0.wp.com\/lifeinvasaqua.com\/wp-content\/uploads\/2021\/10\/Invasaqua-aspea-dia-rios-1.jpg?fit=1299%2C972&ssl=1","_links":{"self":[{"href":"https:\/\/lifeinvasaqua.com\/pt-pt\/wp-json\/wp\/v2\/posts\/112532","targetHints":{"allow":["GET"]}}],"collection":[{"href":"https:\/\/lifeinvasaqua.com\/pt-pt\/wp-json\/wp\/v2\/posts"}],"about":[{"href":"https:\/\/lifeinvasaqua.com\/pt-pt\/wp-json\/wp\/v2\/types\/post"}],"author":[{"embeddable":true,"href":"https:\/\/lifeinvasaqua.com\/pt-pt\/wp-json\/wp\/v2\/users\/198164074"}],"replies":[{"embeddable":true,"href":"https:\/\/lifeinvasaqua.com\/pt-pt\/wp-json\/wp\/v2\/comments?post=112532"}],"version-history":[{"count":1,"href":"https:\/\/lifeinvasaqua.com\/pt-pt\/wp-json\/wp\/v2\/posts\/112532\/revisions"}],"predecessor-version":[{"id":112913,"href":"https:\/\/lifeinvasaqua.com\/pt-pt\/wp-json\/wp\/v2\/posts\/112532\/revisions\/112913"}],"wp:featuredmedia":[{"embeddable":true,"href":"https:\/\/lifeinvasaqua.com\/pt-pt\/wp-json\/wp\/v2\/media\/92969"}],"wp:attachment":[{"href":"https:\/\/lifeinvasaqua.com\/pt-pt\/wp-json\/wp\/v2\/media?parent=112532"}],"wp:term":[{"taxonomy":"category","embeddable":true,"href":"https:\/\/lifeinvasaqua.com\/pt-pt\/wp-json\/wp\/v2\/categories?post=112532"},{"taxonomy":"post_tag","embeddable":true,"href":"https:\/\/lifeinvasaqua.com\/pt-pt\/wp-json\/wp\/v2\/tags?post=112532"}],"curies":[{"name":"wp","href":"https:\/\/api.w.org\/{rel}","templated":true}]}}