{"id":112477,"date":"2020-12-28T09:00:19","date_gmt":"2020-12-28T08:00:19","guid":{"rendered":"https:\/\/lifeinvasaqua.com\/2020\/12\/28\/las-especies-invasoras-posan-en-un-calendario-para-concienciar-365-dias-al-a\/"},"modified":"2022-05-31T13:26:56","modified_gmt":"2022-05-31T11:26:56","slug":"las-especies-invasoras-posan-en-un-calendario-para-concienciar-365-dias-al-a","status":"publish","type":"post","link":"https:\/\/lifeinvasaqua.com\/pt-pt\/las-especies-invasoras-posan-en-un-calendario-para-concienciar-365-dias-al-a\/","title":{"rendered":"LifeInvasaqua publica um calend\u00e1rio 2021 de Esp\u00e9cies Ex\u00f3ticas Invasoras para aumentar a sensibiliza\u00e7\u00e3o 365 dias por ano"},"content":{"rendered":"<p class=\"csAD7A2888\"><strong><span class=\"csCF2ECC95\">Rafael Gonz\u00e1lez.-\u00a0<\/span><span class=\"csCF2ECC95\">Madrid, 28 dic (EFE).- El caracol manzana, el cangrejo azul, el mapache o la lucioperca conforman algunas de las especies ex\u00f3ticas invasoras (EEI) que han decidido estrenar sus mejores galas para &#8216;posar&#8217; en un <a href=\"https:\/\/lifeinvasaqua.com\/pt-pt\/calendario-de-especies-exoticas-invasoras-lifeinvasaqua-2021\/\" target=\"_blank\" rel=\"noopener noreferrer\">calendario<\/a> con un \u00fanico objetivo: concienciar todo el a\u00f1o sobre el da\u00f1o que provocan en el entorno natural.<\/span><\/strong><\/p>\n<p class=\"csAD7A2888\"><span class=\"csCF2ECC95\">Esta iniciativa, enmarcada dentro del proyecto europeo Life Invasaqua sobre especies ex\u00f3ticas invasoras de agua dulce y sistemas estuarinos, pretende &#8220;sensibilizar y dar a conocer todas las acciones que hemos llevado a cabo desde su inicio&#8221;, explica a Efe la investigadora del Museo Nacional de Ciencias Naturales\u00a0(MNCN-CSIC) Anabel Perdices.<\/span><\/p>\n<p class=\"csAD7A2888\"><span class=\"csCF2ECC95\">Una gu\u00eda, una exposici\u00f3n en el MNCN-CSIC o recogidas de EEI en diferentes tramos de r\u00edos tanto de Espa\u00f1a como de Portugal constituyen, entre otras actividades, algunos de los momentos que aparecen plasmados en el almanaque de Life Invasaqua, proyecto coordinado por la Universidad de Murcia para avanzar en la concienciaci\u00f3n y en la formaci\u00f3n sobre este problema ambiental en Espa\u00f1a y Portugal.<\/span><\/p>\n<p><img data-recalc-dims=\"1\" fetchpriority=\"high\" decoding=\"async\" class=\" wp-image-8043 alignright\" src=\"https:\/\/i0.wp.com\/lifeinvasaqua.com\/wp-content\/uploads\/2020\/12\/Calendario-Invasaqua-2021-Mayo-6.jpg?resize=317%2C517&#038;ssl=1\" alt=\"\" width=\"317\" height=\"517\" \/><\/p>\n<p>O caracol da ma\u00e7\u00e3, que ilustra o m\u00eas de Fevereiro, &#8220;altera os ecossistemas onde aparece e compete com as esp\u00e9cies nativas pelos recursos, espa\u00e7o, alimenta\u00e7\u00e3o&#8230;&#8221; e, tendo uma reprodu\u00e7\u00e3o r\u00e1pida e muito numerosa, &#8220;aumenta a sua densidade nas comunidades naturais, alterando os substratos e as condi\u00e7\u00f5es da \u00e1gua&#8221;, diz ele.<\/p>\n<p>No caso do guaxinim, protagonista de um dos desenhos vencedores de um concurso realizado nas escolas de M\u00farcia, &#8220;n\u00e3o modifica todo o ecossistema, mas \u00e9 um problema para a sa\u00fade humana porque transmite a raiva, entre outras doen\u00e7as&#8221;.<\/p>\n<p>A escolha das diferentes esp\u00e9cies que aparecem no calend\u00e1rio, diz o investigador, tem sido motivada porque &#8220;todos os grupos de animais com que trabalhamos no projecto est\u00e3o representados: peixes, vertebrados e invertebrados, plantas e fungos&#8221;.<\/p>\n<p>As esp\u00e9cies ex\u00f3ticas invasoras, recorda Perdices, s\u00e3o aquelas que &#8220;n\u00e3o s\u00e3o nativas de uma determinada \u00e1rea, neste caso da Pen\u00ednsula Ib\u00e9rica, mas v\u00eam de \u00e1reas geogr\u00e1ficas diferentes&#8221; e s\u00e3o invasivas porque, atrav\u00e9s da ac\u00e7\u00e3o humana, &#8220;aparecem em locais onde n\u00e3o podiam chegar pelos seus meios naturais e causam danos aos ecossistemas e esp\u00e9cies nativas encontradas no habitat onde invadem o territ\u00f3rio&#8221;.<\/p>\n<p>A altera\u00e7\u00e3o do ecossistema, diz Perdices, \u00e9 uma caracter\u00edstica &#8220;geralmente partilhada por todas as esp\u00e9cies invasoras&#8221;, embora &#8220;haja outras que tamb\u00e9m t\u00eam uma componente econ\u00f3mica, como o mexilh\u00e3o-zebra, porque obstrui os canos e canos das centrais hidroel\u00e9ctricas ou dos canos de \u00e1gua&#8221; e, al\u00e9m disso, algumas &#8220;transmitem doen\u00e7as&#8221;.<\/p>\n<p>O almanaque, segundo o investigador, ser\u00e1 enviado para administra\u00e7\u00f5es, comunidade cient\u00edfica&#8230;, bem como para &#8220;escolas que tenham tido alguma rela\u00e7\u00e3o com a LifeInvasaqua como as que participaram num concurso de curtas-metragens em Portugal ou num dos desenhos da Universidade de Murcia&#8221;.<\/p>\n<p>&#8220;Os estudantes em geral conhecem estas esp\u00e9cies porque hoje em dia muitas casas t\u00eam filhos de diferentes idades que t\u00eam animais de estima\u00e7\u00e3o&#8221;, diz Perdices, que acrescenta que &#8220;a tartaruga da Florida, a gambusia ou o guaxinim s\u00e3o-lhes familiares.<\/p>\n<p>O cientista do MNCN-CSIC adverte que agora que nos aproximamos de uma \u00e9poca em que os presentes est\u00e3o mais presentes &#8220;devemos tentar n\u00e3o comprar animais de estima\u00e7\u00e3o&#8221; e garantir que, se quisermos t\u00ea-los em casa, &#8220;n\u00e3o s\u00e3o esp\u00e9cies invasivas ou potencialmente invasivas&#8221;.<\/p>\n<p>&#8220;Temos de ter uma responsabilidade com os animais que adquirimos e saber que quando adquirirmos um animal de estima\u00e7\u00e3o teremos de o acompanhar ao longo da sua vida&#8221;, concluiu Anabel Perdices.<\/p>\n<p>A Life Invasaqua, que tem o apoio da Funda\u00e7\u00e3o Biodiversidade, envolve as universidades de Santiago de Compostela, Navarra e \u00c9vora (Portugal), a Sociedade Ib\u00e9rica de Ictiologia (Sibic), a IUCN, o MNCN, o Consejo Superior de Investigaciones Cient\u00edficas (CSIC), o Centro de Ci\u00eancias do Mar e do Ambiente (MARE) e a Associa\u00e7\u00e3o Portuguesa de Educa\u00e7\u00e3o Ambiental (Aspea) e a Ag\u00eancia EFE.\u00a0 EFEverde\/Lifeinvasaqua<\/p>\n<p class=\"csAD7A2888\"><span class=\"csCF2ECC95\">rgd\/<\/span><\/p>\n<p><a href=\"https:\/\/lifeinvasaqua.com\/pt-pt\/calendario-de-especies-exoticas-invasoras-lifeinvasaqua-2021\/\" target=\"_blank\" rel=\"noopener noreferrer\">Acede aqu\u00ed al calendario completo<\/a><\/p>\n<p>&nbsp;<\/p>\n<h3><a href=\"https:\/\/lifeinvasaqua.com\/wp-content\/uploads\/2020\/11\/LIBRO-ESPECIES-INVASORAS-ESPA%C3%91OL-FINAL-3.pdf\" target=\"_blank\" rel=\"noopener noreferrer\">ES \/ GU\u00cdA \u201c\u00a1CUIDADO! INVASORAS ACU\u00c1TICAS\u201d<\/a><\/h3>\n<h3><a href=\"https:\/\/lifeinvasaqua.com\/wp-content\/uploads\/2020\/11\/LIBRO-ESPECIES-INVASORAS-PORTUGUES-FINAL-3.pdf\" target=\"_blank\" rel=\"noopener noreferrer\">PT\/ GUIA DAS ESP\u00c9CIES EX\u00d3TICAS E INVASORAS DOS RIOS, LAGOS E ESTU\u00c1RIOS DA PEN\u00cdNSULA IB\u00c9RICA<\/a><\/h3>\n<h3>ENG\/\u00a0<a href=\"https:\/\/lifeinvasaqua.com\/wp-content\/uploads\/2020\/11\/LIBRO-ESPECIES-INVASORAS-INGLES-FINAL.pdf\" target=\"_blank\" rel=\"noopener noreferrer\">GUIDE TO THE ALIEN AND INVASIVE SPECIES OF RIVERS, LAKES AND ESTUARIES IN THE IBERIAN PEN\u00cdNSULA<\/a><\/h3>\n<p class=\"txt\"><a href=\"https:\/\/www.efeverde.com\" target=\"_blank\" rel=\"noopener noreferrer\">EFEverde<\/a><\/p>\n<p><img data-recalc-dims=\"1\" decoding=\"async\" class=\"aligncenter wp-image-121869\" src=\"https:\/\/i0.wp.com\/lifeinvasaqua.com\/wp-content\/uploads\/2022\/05\/Life-invasaqua-firma-notas.png?resize=778%2C156&#038;ssl=1\" alt=\"\" width=\"778\" height=\"156\" \/><\/p>\n<h2><a href=\"\/?p=7086\" target=\"_blank\" rel=\"noopener noreferrer\">Exposici\u00f3n virtual \u00bfCuidado! Invasoras acu\u00e1ticas.<\/a><\/h2>\n<hr \/>\n<p style=\"text-align: center;\">\u00a0(ES) El contenido de este documento\u00a0refleja \u00fanicamente las opiniones<br \/>\nde sus autores y la Uni\u00f3n Europea\/EASME no se hace responsable del uso<br \/>\nque pueda hacerse de la informaci\u00f3n contenida en \u00e9l.<\/p>\n<hr \/>\n<p><a href=\"http:\/\/www.efeverde.com\/\" target=\"_blank\" rel=\"noopener noreferrer\">M\u00e1s informaci\u00f3n sobre especies ex\u00f3ticas invasoras y medio ambiente en: www.efeverde.com<\/a><\/p>\n<p><a href=\"https:\/\/lifeinvasaqua.com\/wp-content\/uploads\/2019\/10\/Catalogo-de-EEI-en-Espa%C3%B1a-BOE-A-2013-8565-consolidado.pdf\">Catalogo de EEI en Espa\u00f1a BOE-A-2013<\/a><\/p>\n<p><a href=\"https:\/\/lifeinvasaqua.com\/\" target=\"_blank\" rel=\"noopener noreferrer\"><strong>Sobre\u00a0LIFE17 GIE\/ES\/000515\u00a0 Life Invasaqua de la UE.<\/strong><\/a><\/p>\n<p><strong>Especies ex\u00f3ticas invasoras de agua dulce y sistemas estuarinos:\u00a0sensibilizaci\u00f3n y prevenci\u00f3n en la Pen\u00ednsula Ib\u00e9rica<\/strong><\/p>\n<p>Cofinanciado por la UE en el marco de la iniciativa Life\u00a0 y coordinado por\u00a0 la Universidad de Murcia,\u00a0 LIFE INVASAQUA tiene por objeto contribuir a la reducci\u00f3n de los impactos perjudiciales de las ESPECIES EX\u00d3TICAS INVASORAS (EEI) sobre la biodiversidad mediante el aumento de la sensibilizaci\u00f3n del p\u00fablico, el aumento de la formaci\u00f3n en sectores involucrados y la creaci\u00f3n de herramientas para un sistema eficiente de alerta temprana y respuesta r\u00e1pida (Early Warning and Rapid Response, EWRR) para gestionar sus repercusiones en los ecosistemas de agua dulce y estuarios.<\/p>\n<p>Life Invasaqua est\u00e1 coordinado por la\u00a0<a class=\"_42a-\" href=\"https:\/\/l.facebook.com\/l.php?u=https%3A%2F%2Fwww.um.es%2F%3Ffbclid%3DIwAR2mK4D4B4dZgv2DlCaapLMkBMAlJ7OpjLk2uxl3Z13V3y84elSRKv8HEFk&amp;h=AT18RXlkWuMLHIQK4Z95Gk-2iBH993zV3MxKCyFGCM1ecqpVoLkLsizq94jrJ8toxiSSvttvp_hlppfUV7gsWNT1QuJQPoqhTkMKx92smf4nr4hmHCJ7PKeJv-nj15l_Yb6p\" target=\"_blank\" rel=\"nofollow noopener noreferrer\">Universidad de Murcia<\/a>\u00a0con la participaci\u00f3n de 8\u00a0socios:\u00a0<a class=\"_42a-\" href=\"https:\/\/l.facebook.com\/l.php?u=http%3A%2F%2Ftwitter.com%2Fefeverde%3Ffbclid%3DIwAR3N2omz8QQZCQIvY3Cagb9ds1CKHJ3dPJZ_OpbpXn7Y2PRET9E-fGnMyh4&amp;h=AT18RXlkWuMLHIQK4Z95Gk-2iBH993zV3MxKCyFGCM1ecqpVoLkLsizq94jrJ8toxiSSvttvp_hlppfUV7gsWNT1QuJQPoqhTkMKx92smf4nr4hmHCJ7PKeJv-nj15l_Yb6p\" target=\"_blank\" rel=\"nofollow noopener noreferrer\">EFEverde<\/a>\u00a0de la\u00a0<a id=\"js_oc6\" class=\"_42a-\" href=\"https:\/\/www.efe.com\/?fbclid=IwAR2mK4D4B4dZgv2DlCaapLMkBMAlJ7OpjLk2uxl3Z13V3y84elSRKv8HEFk\" target=\"_blank\" rel=\"nofollow noopener noreferrer\">Agencia EFE<\/a>, la UICN-Med, el <a id=\"js_nx0\" class=\"_42a-\" href=\"https:\/\/l.facebook.com\/l.php?u=http%3A%2F%2Fwww.mncn.csic.es%2F%3Ffbclid%3DIwAR0h4lon9MG07D6rpY7zLKd0y3xK0fPKducbVhNwlRBtws6TuGO7DFe5Mtw&amp;h=AT18RXlkWuMLHIQK4Z95Gk-2iBH993zV3MxKCyFGCM1ecqpVoLkLsizq94jrJ8toxiSSvttvp_hlppfUV7gsWNT1QuJQPoqhTkMKx92smf4nr4hmHCJ7PKeJv-nj15l_Yb6p\" target=\"_blank\" rel=\"nofollow noopener noreferrer\">Museo de Ciencias Naturales-Consejo Superior de Investigaciones Cient\u00edficas<\/a>, la\u00a0<a id=\"js_nwv\" class=\"_42a-\" href=\"http:\/\/www.sibic.org\/?fbclid=IwAR0G1CBb4WQftHMAZDnWH97B2XS95bvI2c3BQfvgRaVZTQuaDnbXTi79yLQ\" target=\"_blank\" rel=\"nofollow noopener noreferrer\">Sociedad Ib\u00e9rica de Ictiolog\u00eda (SIBIC)<\/a>, la\u00a0<a id=\"js_ocf\" class=\"_42a-\" href=\"https:\/\/www.unav.edu\/?fbclid=IwAR3XZK0CkBk3FnNjiPSlWlSwSt99sTZpMWE05m7elrykBysMXUbHEJCcgcc\" target=\"_blank\" rel=\"nofollow noopener noreferrer\">Universidad de Navarra<\/a>, la\u00a0<a id=\"js_nwr\" class=\"_42a-\" href=\"http:\/\/www.usc.es\/?fbclid=IwAR0LYZNh3Nzzbyl6UaaFrMS-docx39yoe5A3YJnPDAOMh2Mt7XgROReVqlI\" target=\"_blank\" rel=\"nofollow noopener noreferrer\">Universidad de Santiago de Compostela<\/a>, la\u00a0<a id=\"js_ock\" class=\"_42a-\" href=\"http:\/\/www.uevora.pt\/?fbclid=IwAR3RjWbZnsGrwALUkuHAJzrzHcNwoDGZ8eFigRJbK_Dx3badcJ72TuV2DtM\" target=\"_blank\" rel=\"nofollow noopener noreferrer\">Universidad de \u00c9vora<\/a>\u00a0y la\u00a0<a id=\"js_nwn\" class=\"_42a-\" href=\"https:\/\/aspea.org\/?fbclid=IwAR32DN5jnLQp8yNLc861ZyU6QUpQ0MJlztBtiqbyh50XtaZpNqCyaZNyKsU\" target=\"_blank\" rel=\"nofollow noopener noreferrer\">Associa\u00e7ao Portuguesa de Educa\u00e7ao Ambiental<\/a>\u00a0(ASPEA)<\/p>\n<p><a href=\"http:\/\/twitter.com\/lifeinvasaqua\" target=\"_blank\" rel=\"noopener noreferrer\">@lifeinvasaqua<\/a><\/p>\n<p>&nbsp;<\/p>\n<p><img data-recalc-dims=\"1\" decoding=\"async\" class=\"size-large wp-image-2580 aligncenter\" src=\"https:\/\/i0.wp.com\/lifeinvasaqua.com\/wp-content\/uploads\/2019\/10\/socios.png?resize=1024%2C576&#038;ssl=1\" sizes=\"(max-width: 1024px) 100vw, 1024px\" srcset=\"https:\/\/lifeinvasaqua.com\/wp-content\/uploads\/2019\/10\/socios.png 1024w, https:\/\/lifeinvasaqua.com\/wp-content\/uploads\/2019\/10\/socios.png 300w, https:\/\/lifeinvasaqua.com\/wp-content\/uploads\/2019\/10\/socios.png 768w, https:\/\/lifeinvasaqua.com\/wp-content\/uploads\/2019\/10\/socios.png 700w, https:\/\/lifeinvasaqua.com\/wp-content\/uploads\/2019\/10\/socios.png 539w\" alt=\"\" width=\"1024\" height=\"576\" \/><\/p>\n","protected":false},"excerpt":{"rendered":"<p>Rafael Gonz\u00e1lez.-\u00a0Madrid, 28 dic (EFE).- El caracol manzana, el cangrejo azul, el mapache o la lucioperca conforman algunas de las especies ex\u00f3ticas invasoras (EEI) que han decidido estrenar sus mejores galas para &#8216;posar&#8217; en un calendario con un \u00fanico objetivo: concienciar todo el a\u00f1o sobre&#8230;<\/p>\n","protected":false},"author":198164075,"featured_media":59040,"comment_status":"open","ping_status":"open","sticky":false,"template":"","format":"standard","meta":{"_acf_changed":false,"_jetpack_newsletter_access":"","_jetpack_dont_email_post_to_subs":false,"_jetpack_newsletter_tier_id":0,"_jetpack_memberships_contains_paywalled_content":false,"_jetpack_memberships_contains_paid_content":false,"footnotes":"","jetpack_publicize_message":"","jetpack_publicize_feature_enabled":true,"jetpack_social_post_already_shared":false,"jetpack_social_options":{"image_generator_settings":{"template":"highway","default_image_id":0,"font":"","enabled":false},"version":2},"jetpack_post_was_ever_published":false},"categories":[121882,121881],"tags":[121924,121925,121981,121926,121982,121927,121928,121978,121973,121929,121984],"class_list":["post-112477","post","type-post","status-publish","format-standard","has-post-thumbnail","hentry","category-hitosinvasaqua-pt-pt","category-noticias-pt-pt","tag-ais-pt-pt","tag-eei-pt-pt","tag-eei-acuaticas-pt-pt","tag-especies-exoticas-invasoras-pt-pt","tag-especies-exoticas-invasoras-en-espana-pt-pt","tag-exoticas-invasoras-pt-pt","tag-invasaqua-pt-pt","tag-invasoras-pt-pt","tag-life-invasaqua-pt-pt","tag-lifeinvasaqua-pt-pt","tag-otras_eei-pt-pt"],"acf":[],"yoast_head":"<!-- This site is optimized with the Yoast SEO plugin v27.5 - https:\/\/yoast.com\/product\/yoast-seo-wordpress\/ -->\n<title>LifeInvasaqua publica um calend\u00e1rio 2021 de Esp\u00e9cies Ex\u00f3ticas Invasoras para aumentar a sensibiliza\u00e7\u00e3o 365 dias por ano - Life Invasaqua<\/title>\n<meta name=\"description\" content=\"El caracol manzana, el cangrejo azul, el mapache o la lucioperca conforman algunas de las especies ex\u00f3ticas invasoras (EEI) que lucen sus mejores galas para &#039;posar&#039; en un calendario con un \u00fanico objetivo: concienciar todo el a\u00f1o sobre el da\u00f1o que provocan en el entorno natural.\" \/>\n<meta name=\"robots\" content=\"index, follow, max-snippet:-1, max-image-preview:large, max-video-preview:-1\" \/>\n<link rel=\"canonical\" href=\"https:\/\/lifeinvasaqua.com\/pt-pt\/las-especies-invasoras-posan-en-un-calendario-para-concienciar-365-dias-al-a\/\" \/>\n<meta property=\"og:locale\" content=\"pt_PT\" \/>\n<meta property=\"og:type\" content=\"article\" \/>\n<meta property=\"og:title\" content=\"LifeInvasaqua publica um calend\u00e1rio 2021 de Esp\u00e9cies Ex\u00f3ticas Invasoras para aumentar a sensibiliza\u00e7\u00e3o 365 dias por ano - Life Invasaqua\" \/>\n<meta property=\"og:description\" content=\"El caracol manzana, el cangrejo azul, el mapache o la lucioperca conforman algunas de las especies ex\u00f3ticas invasoras (EEI) que lucen sus mejores galas para &#039;posar&#039; en un calendario con un \u00fanico objetivo: concienciar todo el a\u00f1o sobre el da\u00f1o que provocan en el entorno natural.\" \/>\n<meta property=\"og:url\" content=\"https:\/\/lifeinvasaqua.com\/pt-pt\/las-especies-invasoras-posan-en-un-calendario-para-concienciar-365-dias-al-a\/\" \/>\n<meta property=\"og:site_name\" content=\"Life Invasaqua\" \/>\n<meta property=\"article:publisher\" content=\"https:\/\/www.facebook.com\/Lifeinvasaqua\/\" \/>\n<meta property=\"article:published_time\" content=\"2020-12-28T08:00:19+00:00\" \/>\n<meta property=\"article:modified_time\" content=\"2022-05-31T11:26:56+00:00\" \/>\n<meta property=\"og:image\" content=\"https:\/\/lifeinvasaqua.com\/wp-content\/uploads\/2020\/12\/Calendario-Invasaqua-2021-Febrero-3-scaled.jpg\" \/>\n\t<meta property=\"og:image:width\" content=\"1567\" \/>\n\t<meta property=\"og:image:height\" content=\"2560\" \/>\n\t<meta property=\"og:image:type\" content=\"image\/jpeg\" \/>\n<meta name=\"author\" content=\"lifeAutor\" \/>\n<meta name=\"twitter:card\" content=\"summary_large_image\" \/>\n<meta name=\"twitter:creator\" content=\"@lifeinvasaqua\" \/>\n<meta name=\"twitter:site\" content=\"@lifeinvasaqua\" \/>\n<script type=\"application\/ld+json\" class=\"yoast-schema-graph\">{\"@context\":\"https:\\\/\\\/schema.org\",\"@graph\":[{\"@type\":\"Article\",\"@id\":\"https:\\\/\\\/lifeinvasaqua.com\\\/pt-pt\\\/las-especies-invasoras-posan-en-un-calendario-para-concienciar-365-dias-al-a\\\/#article\",\"isPartOf\":{\"@id\":\"https:\\\/\\\/lifeinvasaqua.com\\\/pt-pt\\\/las-especies-invasoras-posan-en-un-calendario-para-concienciar-365-dias-al-a\\\/\"},\"author\":{\"name\":\"lifeAutor\",\"@id\":\"https:\\\/\\\/lifeinvasaqua.com\\\/pt-pt\\\/#\\\/schema\\\/person\\\/3ec2dbf68f16dd7afd4b0ab131a0b086\"},\"headline\":\"LifeInvasaqua publica um calend\u00e1rio 2021 de Esp\u00e9cies Ex\u00f3ticas Invasoras para aumentar a sensibiliza\u00e7\u00e3o 365 dias por ano\",\"datePublished\":\"2020-12-28T08:00:19+00:00\",\"dateModified\":\"2022-05-31T11:26:56+00:00\",\"mainEntityOfPage\":{\"@id\":\"https:\\\/\\\/lifeinvasaqua.com\\\/pt-pt\\\/las-especies-invasoras-posan-en-un-calendario-para-concienciar-365-dias-al-a\\\/\"},\"wordCount\":1016,\"commentCount\":0,\"image\":{\"@id\":\"https:\\\/\\\/lifeinvasaqua.com\\\/pt-pt\\\/las-especies-invasoras-posan-en-un-calendario-para-concienciar-365-dias-al-a\\\/#primaryimage\"},\"thumbnailUrl\":\"https:\\\/\\\/i0.wp.com\\\/lifeinvasaqua.com\\\/wp-content\\\/uploads\\\/2020\\\/12\\\/Calendario-Invasaqua-2021-Febrero-3-scaled.jpg?fit=1175%2C1920&ssl=1\",\"keywords\":[\"ais\",\"eei\",\"eei acuaticas\",\"especies ex\u00f3ticas invasoras\",\"especies ex\u00f3ticas invasoras en Espa\u00f1a\",\"ex\u00f3ticas invasoras\",\"Invasaqua\",\"invasoras\",\"life invasaqua\",\"LifeInvasaqua\",\"otras_eei\"],\"articleSection\":[\"Marcos\",\"Not\u00edcias\"],\"inLanguage\":\"pt-PT\",\"potentialAction\":[{\"@type\":\"CommentAction\",\"name\":\"Comment\",\"target\":[\"https:\\\/\\\/lifeinvasaqua.com\\\/pt-pt\\\/las-especies-invasoras-posan-en-un-calendario-para-concienciar-365-dias-al-a\\\/#respond\"]}]},{\"@type\":\"WebPage\",\"@id\":\"https:\\\/\\\/lifeinvasaqua.com\\\/pt-pt\\\/las-especies-invasoras-posan-en-un-calendario-para-concienciar-365-dias-al-a\\\/\",\"url\":\"https:\\\/\\\/lifeinvasaqua.com\\\/pt-pt\\\/las-especies-invasoras-posan-en-un-calendario-para-concienciar-365-dias-al-a\\\/\",\"name\":\"LifeInvasaqua publica um calend\u00e1rio 2021 de Esp\u00e9cies Ex\u00f3ticas Invasoras para aumentar a sensibiliza\u00e7\u00e3o 365 dias por ano - Life Invasaqua\",\"isPartOf\":{\"@id\":\"https:\\\/\\\/lifeinvasaqua.com\\\/pt-pt\\\/#website\"},\"primaryImageOfPage\":{\"@id\":\"https:\\\/\\\/lifeinvasaqua.com\\\/pt-pt\\\/las-especies-invasoras-posan-en-un-calendario-para-concienciar-365-dias-al-a\\\/#primaryimage\"},\"image\":{\"@id\":\"https:\\\/\\\/lifeinvasaqua.com\\\/pt-pt\\\/las-especies-invasoras-posan-en-un-calendario-para-concienciar-365-dias-al-a\\\/#primaryimage\"},\"thumbnailUrl\":\"https:\\\/\\\/i0.wp.com\\\/lifeinvasaqua.com\\\/wp-content\\\/uploads\\\/2020\\\/12\\\/Calendario-Invasaqua-2021-Febrero-3-scaled.jpg?fit=1175%2C1920&ssl=1\",\"datePublished\":\"2020-12-28T08:00:19+00:00\",\"dateModified\":\"2022-05-31T11:26:56+00:00\",\"author\":{\"@id\":\"https:\\\/\\\/lifeinvasaqua.com\\\/pt-pt\\\/#\\\/schema\\\/person\\\/3ec2dbf68f16dd7afd4b0ab131a0b086\"},\"description\":\"El caracol manzana, el cangrejo azul, el mapache o la lucioperca conforman algunas de las especies ex\u00f3ticas invasoras (EEI) que lucen sus mejores galas para 'posar' en un calendario con un \u00fanico objetivo: concienciar todo el a\u00f1o sobre el da\u00f1o que provocan en el entorno natural.\",\"inLanguage\":\"pt-PT\",\"potentialAction\":[{\"@type\":\"ReadAction\",\"target\":[\"https:\\\/\\\/lifeinvasaqua.com\\\/pt-pt\\\/las-especies-invasoras-posan-en-un-calendario-para-concienciar-365-dias-al-a\\\/\"]}]},{\"@type\":\"ImageObject\",\"inLanguage\":\"pt-PT\",\"@id\":\"https:\\\/\\\/lifeinvasaqua.com\\\/pt-pt\\\/las-especies-invasoras-posan-en-un-calendario-para-concienciar-365-dias-al-a\\\/#primaryimage\",\"url\":\"https:\\\/\\\/i0.wp.com\\\/lifeinvasaqua.com\\\/wp-content\\\/uploads\\\/2020\\\/12\\\/Calendario-Invasaqua-2021-Febrero-3-scaled.jpg?fit=1175%2C1920&ssl=1\",\"contentUrl\":\"https:\\\/\\\/i0.wp.com\\\/lifeinvasaqua.com\\\/wp-content\\\/uploads\\\/2020\\\/12\\\/Calendario-Invasaqua-2021-Febrero-3-scaled.jpg?fit=1175%2C1920&ssl=1\",\"width\":1175,\"height\":1920,\"caption\":\"|\"},{\"@type\":\"WebSite\",\"@id\":\"https:\\\/\\\/lifeinvasaqua.com\\\/pt-pt\\\/#website\",\"url\":\"https:\\\/\\\/lifeinvasaqua.com\\\/pt-pt\\\/\",\"name\":\"Life Invasaqua\",\"description\":\"\",\"potentialAction\":[{\"@type\":\"SearchAction\",\"target\":{\"@type\":\"EntryPoint\",\"urlTemplate\":\"https:\\\/\\\/lifeinvasaqua.com\\\/pt-pt\\\/?s={search_term_string}\"},\"query-input\":{\"@type\":\"PropertyValueSpecification\",\"valueRequired\":true,\"valueName\":\"search_term_string\"}}],\"inLanguage\":\"pt-PT\"},{\"@type\":\"Person\",\"@id\":\"https:\\\/\\\/lifeinvasaqua.com\\\/pt-pt\\\/#\\\/schema\\\/person\\\/3ec2dbf68f16dd7afd4b0ab131a0b086\",\"name\":\"lifeAutor\",\"image\":{\"@type\":\"ImageObject\",\"inLanguage\":\"pt-PT\",\"@id\":\"https:\\\/\\\/secure.gravatar.com\\\/avatar\\\/558cba61b17f356c300a29ac02d80231ef5c509ee35429a3e4ebc97170f910f0?s=96&d=identicon&r=g\",\"url\":\"https:\\\/\\\/secure.gravatar.com\\\/avatar\\\/558cba61b17f356c300a29ac02d80231ef5c509ee35429a3e4ebc97170f910f0?s=96&d=identicon&r=g\",\"contentUrl\":\"https:\\\/\\\/secure.gravatar.com\\\/avatar\\\/558cba61b17f356c300a29ac02d80231ef5c509ee35429a3e4ebc97170f910f0?s=96&d=identicon&r=g\",\"caption\":\"lifeAutor\"},\"url\":\"https:\\\/\\\/lifeinvasaqua.com\\\/pt-pt\\\/author\\\/lifeautor\\\/\"}]}<\/script>\n<!-- \/ Yoast SEO plugin. -->","yoast_head_json":{"title":"LifeInvasaqua publica um calend\u00e1rio 2021 de Esp\u00e9cies Ex\u00f3ticas Invasoras para aumentar a sensibiliza\u00e7\u00e3o 365 dias por ano - Life Invasaqua","description":"El caracol manzana, el cangrejo azul, el mapache o la lucioperca conforman algunas de las especies ex\u00f3ticas invasoras (EEI) que lucen sus mejores galas para 'posar' en un calendario con un \u00fanico objetivo: concienciar todo el a\u00f1o sobre el da\u00f1o que provocan en el entorno natural.","robots":{"index":"index","follow":"follow","max-snippet":"max-snippet:-1","max-image-preview":"max-image-preview:large","max-video-preview":"max-video-preview:-1"},"canonical":"https:\/\/lifeinvasaqua.com\/pt-pt\/las-especies-invasoras-posan-en-un-calendario-para-concienciar-365-dias-al-a\/","og_locale":"pt_PT","og_type":"article","og_title":"LifeInvasaqua publica um calend\u00e1rio 2021 de Esp\u00e9cies Ex\u00f3ticas Invasoras para aumentar a sensibiliza\u00e7\u00e3o 365 dias por ano - Life Invasaqua","og_description":"El caracol manzana, el cangrejo azul, el mapache o la lucioperca conforman algunas de las especies ex\u00f3ticas invasoras (EEI) que lucen sus mejores galas para 'posar' en un calendario con un \u00fanico objetivo: concienciar todo el a\u00f1o sobre el da\u00f1o que provocan en el entorno natural.","og_url":"https:\/\/lifeinvasaqua.com\/pt-pt\/las-especies-invasoras-posan-en-un-calendario-para-concienciar-365-dias-al-a\/","og_site_name":"Life Invasaqua","article_publisher":"https:\/\/www.facebook.com\/Lifeinvasaqua\/","article_published_time":"2020-12-28T08:00:19+00:00","article_modified_time":"2022-05-31T11:26:56+00:00","og_image":[{"width":1567,"height":2560,"url":"https:\/\/lifeinvasaqua.com\/wp-content\/uploads\/2020\/12\/Calendario-Invasaqua-2021-Febrero-3-scaled.jpg","type":"image\/jpeg"}],"author":"lifeAutor","twitter_card":"summary_large_image","twitter_creator":"@lifeinvasaqua","twitter_site":"@lifeinvasaqua","schema":{"@context":"https:\/\/schema.org","@graph":[{"@type":"Article","@id":"https:\/\/lifeinvasaqua.com\/pt-pt\/las-especies-invasoras-posan-en-un-calendario-para-concienciar-365-dias-al-a\/#article","isPartOf":{"@id":"https:\/\/lifeinvasaqua.com\/pt-pt\/las-especies-invasoras-posan-en-un-calendario-para-concienciar-365-dias-al-a\/"},"author":{"name":"lifeAutor","@id":"https:\/\/lifeinvasaqua.com\/pt-pt\/#\/schema\/person\/3ec2dbf68f16dd7afd4b0ab131a0b086"},"headline":"LifeInvasaqua publica um calend\u00e1rio 2021 de Esp\u00e9cies Ex\u00f3ticas Invasoras para aumentar a sensibiliza\u00e7\u00e3o 365 dias por ano","datePublished":"2020-12-28T08:00:19+00:00","dateModified":"2022-05-31T11:26:56+00:00","mainEntityOfPage":{"@id":"https:\/\/lifeinvasaqua.com\/pt-pt\/las-especies-invasoras-posan-en-un-calendario-para-concienciar-365-dias-al-a\/"},"wordCount":1016,"commentCount":0,"image":{"@id":"https:\/\/lifeinvasaqua.com\/pt-pt\/las-especies-invasoras-posan-en-un-calendario-para-concienciar-365-dias-al-a\/#primaryimage"},"thumbnailUrl":"https:\/\/i0.wp.com\/lifeinvasaqua.com\/wp-content\/uploads\/2020\/12\/Calendario-Invasaqua-2021-Febrero-3-scaled.jpg?fit=1175%2C1920&ssl=1","keywords":["ais","eei","eei acuaticas","especies ex\u00f3ticas invasoras","especies ex\u00f3ticas invasoras en Espa\u00f1a","ex\u00f3ticas invasoras","Invasaqua","invasoras","life invasaqua","LifeInvasaqua","otras_eei"],"articleSection":["Marcos","Not\u00edcias"],"inLanguage":"pt-PT","potentialAction":[{"@type":"CommentAction","name":"Comment","target":["https:\/\/lifeinvasaqua.com\/pt-pt\/las-especies-invasoras-posan-en-un-calendario-para-concienciar-365-dias-al-a\/#respond"]}]},{"@type":"WebPage","@id":"https:\/\/lifeinvasaqua.com\/pt-pt\/las-especies-invasoras-posan-en-un-calendario-para-concienciar-365-dias-al-a\/","url":"https:\/\/lifeinvasaqua.com\/pt-pt\/las-especies-invasoras-posan-en-un-calendario-para-concienciar-365-dias-al-a\/","name":"LifeInvasaqua publica um calend\u00e1rio 2021 de Esp\u00e9cies Ex\u00f3ticas Invasoras para aumentar a sensibiliza\u00e7\u00e3o 365 dias por ano - Life Invasaqua","isPartOf":{"@id":"https:\/\/lifeinvasaqua.com\/pt-pt\/#website"},"primaryImageOfPage":{"@id":"https:\/\/lifeinvasaqua.com\/pt-pt\/las-especies-invasoras-posan-en-un-calendario-para-concienciar-365-dias-al-a\/#primaryimage"},"image":{"@id":"https:\/\/lifeinvasaqua.com\/pt-pt\/las-especies-invasoras-posan-en-un-calendario-para-concienciar-365-dias-al-a\/#primaryimage"},"thumbnailUrl":"https:\/\/i0.wp.com\/lifeinvasaqua.com\/wp-content\/uploads\/2020\/12\/Calendario-Invasaqua-2021-Febrero-3-scaled.jpg?fit=1175%2C1920&ssl=1","datePublished":"2020-12-28T08:00:19+00:00","dateModified":"2022-05-31T11:26:56+00:00","author":{"@id":"https:\/\/lifeinvasaqua.com\/pt-pt\/#\/schema\/person\/3ec2dbf68f16dd7afd4b0ab131a0b086"},"description":"El caracol manzana, el cangrejo azul, el mapache o la lucioperca conforman algunas de las especies ex\u00f3ticas invasoras (EEI) que lucen sus mejores galas para 'posar' en un calendario con un \u00fanico objetivo: concienciar todo el a\u00f1o sobre el da\u00f1o que provocan en el entorno natural.","inLanguage":"pt-PT","potentialAction":[{"@type":"ReadAction","target":["https:\/\/lifeinvasaqua.com\/pt-pt\/las-especies-invasoras-posan-en-un-calendario-para-concienciar-365-dias-al-a\/"]}]},{"@type":"ImageObject","inLanguage":"pt-PT","@id":"https:\/\/lifeinvasaqua.com\/pt-pt\/las-especies-invasoras-posan-en-un-calendario-para-concienciar-365-dias-al-a\/#primaryimage","url":"https:\/\/i0.wp.com\/lifeinvasaqua.com\/wp-content\/uploads\/2020\/12\/Calendario-Invasaqua-2021-Febrero-3-scaled.jpg?fit=1175%2C1920&ssl=1","contentUrl":"https:\/\/i0.wp.com\/lifeinvasaqua.com\/wp-content\/uploads\/2020\/12\/Calendario-Invasaqua-2021-Febrero-3-scaled.jpg?fit=1175%2C1920&ssl=1","width":1175,"height":1920,"caption":"|"},{"@type":"WebSite","@id":"https:\/\/lifeinvasaqua.com\/pt-pt\/#website","url":"https:\/\/lifeinvasaqua.com\/pt-pt\/","name":"Life Invasaqua","description":"","potentialAction":[{"@type":"SearchAction","target":{"@type":"EntryPoint","urlTemplate":"https:\/\/lifeinvasaqua.com\/pt-pt\/?s={search_term_string}"},"query-input":{"@type":"PropertyValueSpecification","valueRequired":true,"valueName":"search_term_string"}}],"inLanguage":"pt-PT"},{"@type":"Person","@id":"https:\/\/lifeinvasaqua.com\/pt-pt\/#\/schema\/person\/3ec2dbf68f16dd7afd4b0ab131a0b086","name":"lifeAutor","image":{"@type":"ImageObject","inLanguage":"pt-PT","@id":"https:\/\/secure.gravatar.com\/avatar\/558cba61b17f356c300a29ac02d80231ef5c509ee35429a3e4ebc97170f910f0?s=96&d=identicon&r=g","url":"https:\/\/secure.gravatar.com\/avatar\/558cba61b17f356c300a29ac02d80231ef5c509ee35429a3e4ebc97170f910f0?s=96&d=identicon&r=g","contentUrl":"https:\/\/secure.gravatar.com\/avatar\/558cba61b17f356c300a29ac02d80231ef5c509ee35429a3e4ebc97170f910f0?s=96&d=identicon&r=g","caption":"lifeAutor"},"url":"https:\/\/lifeinvasaqua.com\/pt-pt\/author\/lifeautor\/"}]}},"jetpack_publicize_connections":[],"jetpack_featured_media_url":"https:\/\/i0.wp.com\/lifeinvasaqua.com\/wp-content\/uploads\/2020\/12\/Calendario-Invasaqua-2021-Febrero-3-scaled.jpg?fit=1175%2C1920&ssl=1","jetpack_shortlink":"https:\/\/wp.me\/pdZEhQ-tg9","jetpack_sharing_enabled":true,"_links":{"self":[{"href":"https:\/\/lifeinvasaqua.com\/pt-pt\/wp-json\/wp\/v2\/posts\/112477","targetHints":{"allow":["GET"]}}],"collection":[{"href":"https:\/\/lifeinvasaqua.com\/pt-pt\/wp-json\/wp\/v2\/posts"}],"about":[{"href":"https:\/\/lifeinvasaqua.com\/pt-pt\/wp-json\/wp\/v2\/types\/post"}],"author":[{"embeddable":true,"href":"https:\/\/lifeinvasaqua.com\/pt-pt\/wp-json\/wp\/v2\/users\/198164075"}],"replies":[{"embeddable":true,"href":"https:\/\/lifeinvasaqua.com\/pt-pt\/wp-json\/wp\/v2\/comments?post=112477"}],"version-history":[{"count":2,"href":"https:\/\/lifeinvasaqua.com\/pt-pt\/wp-json\/wp\/v2\/posts\/112477\/revisions"}],"predecessor-version":[{"id":112794,"href":"https:\/\/lifeinvasaqua.com\/pt-pt\/wp-json\/wp\/v2\/posts\/112477\/revisions\/112794"}],"wp:featuredmedia":[{"embeddable":true,"href":"https:\/\/lifeinvasaqua.com\/pt-pt\/wp-json\/wp\/v2\/media\/59040"}],"wp:attachment":[{"href":"https:\/\/lifeinvasaqua.com\/pt-pt\/wp-json\/wp\/v2\/media?parent=112477"}],"wp:term":[{"taxonomy":"category","embeddable":true,"href":"https:\/\/lifeinvasaqua.com\/pt-pt\/wp-json\/wp\/v2\/categories?post=112477"},{"taxonomy":"post_tag","embeddable":true,"href":"https:\/\/lifeinvasaqua.com\/pt-pt\/wp-json\/wp\/v2\/tags?post=112477"}],"curies":[{"name":"wp","href":"https:\/\/api.w.org\/{rel}","templated":true}]}}