{"id":112432,"date":"2020-04-30T15:50:28","date_gmt":"2020-04-30T13:50:28","guid":{"rendered":"https:\/\/lifeinvasaqua.com\/2020\/04\/30\/apa-admite-remocao-mecanica-da-planta-que-apreceu-no-tejo-internacional\/"},"modified":"2022-05-31T13:20:26","modified_gmt":"2022-05-31T11:20:26","slug":"apa-admite-remocao-mecanica-da-planta-que-apreceu-no-tejo-internacional","status":"publish","type":"post","link":"https:\/\/lifeinvasaqua.com\/pt-pt\/apa-admite-remocao-mecanica-da-planta-que-apreceu-no-tejo-internacional\/","title":{"rendered":"APA admite remo\u00e7\u00e3o mec\u00e2nica da planta que apreceu no Tejo internacional"},"content":{"rendered":"<p>&#8220;Estas ocorr\u00eancias s\u00e3o recorrentes nestas massas de \u00e1gua, dado que os esporos podem permanecer de uns anos para os outros, sendo embora tempor\u00e1rios, pelo que tender\u00e3o a desaparecer&#8221;, explica, em comunicado, a Ag\u00eancia Portuguesa do Ambiente (APA).<\/p>\n<p><strong>A associa\u00e7\u00e3o ambientalista Quercus denunciou a presen\u00e7a anormal de uma quantidade massiva de plantas aqu\u00e1ticas invasoras numa extens\u00e3o de v\u00e1rios quil\u00f3metros no tro\u00e7o internacional do rio Tejo e nos seus afluentes, rios Ponsul e Aravil.<\/strong><\/p>\n<p>&#8220;Nos \u00faltimos anos, aumentou a regularidade e a intensidade destes fen\u00f3menos, contribuindo ainda mais para a degrada\u00e7\u00e3o da qualidade de \u00e1gua do rio Tejo. Este tipo de fen\u00f3menos s\u00e3o indicadores de desequil\u00edbrios nos ecossistemas e s\u00e3o uma consequ\u00eancia da polui\u00e7\u00e3o, levando assim \u00e0 eutrofiza\u00e7\u00e3o dos rios e provocando uma acentuada degrada\u00e7\u00e3o da qualidade das massas de \u00e1gua&#8221;, sustentou o n\u00facleo regional de Castelo Branco da Quercus.<\/p>\n<p>Entretanto, a APA sublinha que o &#8216;bloom&#8217; de Azolla ocorrido em 2018\/2019, com uma extens\u00e3o semelhante \u00e0 atual, &#8220;n\u00e3o colocou em causa a sobreviv\u00eancia das comunidades aqu\u00e1ticas e ribeirinhas, nomeadamente da fauna pisc\u00edcola e das comunidades&#8221;.<\/p>\n<p>Contudo, adianta que tem vindo a monitorizar a albufeira de Cedillo (seis vezes por ano) e o rio Ponsul (trimestralmente desde 2014 e mensalmente desde abril de 2019), e a realizar a\u00e7\u00f5es de fiscaliza\u00e7\u00e3o, &#8220;no sentido de identificar sentido eventuais descargas indevidas&#8221;.<\/p>\n<p>&#8220;Neste contexto, foram efetuadas recolhas de amostras de Azolla para verifica\u00e7\u00e3o do seu estado evolutivo de matura\u00e7\u00e3o (ciclo vegetativo) com o apoio da academia&#8221;, frisou.<\/p>\n<p>A APA admite, caso seja necess\u00e1rio, realizar uma interven\u00e7\u00e3o para remo\u00e7\u00e3o mec\u00e2nica destas plantas aqu\u00e1ticas e adianta que tem previstas a\u00e7\u00f5es de reabilita\u00e7\u00e3o da galeria ribeirinha no rio Ponsul, no sentido de reduzir o &#8216;input&#8217; de nutrientes para o curso de \u00e1gua.<\/p>\n<p>&#8220;No quadro da monitoriza\u00e7\u00e3o, em conjunto com Espanha, das massas de \u00e1gua fronteiri\u00e7as, o aparecimento agora registado na albufeira de Cedilho desencadeou contacto com a Confedera\u00e7\u00e3o Hidrogr\u00e1fica do Tejo em Espanha, dando nota da import\u00e2ncia da implementa\u00e7\u00e3o de medidas de controlo, disponibilizando-se a APA para colabora\u00e7\u00e3o nas a\u00e7\u00f5es a implementar&#8221;, conclui.<\/p>\n<p>ccc<\/p>\n<p>&nbsp;<\/p>\n<hr \/>\n<p style=\"text-align: center;\">O conte\u00fado deste documento reflete unicamente as opini\u00f5es dos<br \/>\nseus autores e a Uni\u00e3o Europeia\/EASME n\u00e3o \u00e9 respons\u00e1vel pelo uso que<br \/>\nse possa fazer da informa\u00e7\u00e3o aqui contida.<\/p>\n<hr \/>\n<p>&nbsp;<\/p>\n<p>&nbsp;<\/p>\n<p><strong><a href=\"https:\/\/lifeinvasaqua.com\/\" target=\"_blank\" rel=\"noopener noreferrer\">About LIFE17 GIE\/ES\/000515 Life Invasaqua of the EU.<\/a><\/strong><\/p>\n<p><strong>Esp\u00e9cies ex\u00f3ticas invasoras de \u00e1gua doce e sistemas estuarinos: sensibiliza\u00e7\u00e3o e preven\u00e7\u00e3o na Pen\u00ednsula Ib\u00e9rica<\/strong><\/p>\n<p>Co-financiado pela UE no \u00e2mbito da iniciativa Life e coordenado pela Universidade de M\u00farcia, LIFE INVASAQUA visa contribuir para reduzir os impactos nocivos das ESP\u00c9CIES EX\u00d3TICAS INVASORASORAS (IEE) na biodiversidade, aumentando a sensibiliza\u00e7\u00e3o do p\u00fablico, aumentando a forma\u00e7\u00e3o nos sectores envolvidos e criando ferramentas para um sistema eficaz de alerta r\u00e1pido e resposta r\u00e1pida (EWRRR) para gerir os seus impactos nos ecossistemas e estu\u00e1rios de \u00e1gua doce.<\/p>\n<p>Life Invasaqua \u00e9 coordenado pela Universidade de M\u00farcia com a participa\u00e7\u00e3o de 8 parceiros::\u00a0<a class=\"_42a-\" href=\"https:\/\/l.facebook.com\/l.php?u=http%3A%2F%2Ftwitter.com%2Fefeverde%3Ffbclid%3DIwAR3N2omz8QQZCQIvY3Cagb9ds1CKHJ3dPJZ_OpbpXn7Y2PRET9E-fGnMyh4&amp;h=AT18RXlkWuMLHIQK4Z95Gk-2iBH993zV3MxKCyFGCM1ecqpVoLkLsizq94jrJ8toxiSSvttvp_hlppfUV7gsWNT1QuJQPoqhTkMKx92smf4nr4hmHCJ7PKeJv-nj15l_Yb6p\" target=\"_blank\" rel=\"nofollow noopener noreferrer\">EFEverde<\/a>\u00a0da\u00a0<a id=\"js_oc6\" class=\"_42a-\" href=\"https:\/\/www.efe.com\/?fbclid=IwAR2mK4D4B4dZgv2DlCaapLMkBMAlJ7OpjLk2uxl3Z13V3y84elSRKv8HEFk\" target=\"_blank\" rel=\"nofollow noopener noreferrer\">Agencia EFE<\/a>,\u00a0 UICN-Med,\u00a0\u00a0<a id=\"js_nx0\" class=\"_42a-\" href=\"https:\/\/l.facebook.com\/l.php?u=http%3A%2F%2Fwww.mncn.csic.es%2F%3Ffbclid%3DIwAR0h4lon9MG07D6rpY7zLKd0y3xK0fPKducbVhNwlRBtws6TuGO7DFe5Mtw&amp;h=AT18RXlkWuMLHIQK4Z95Gk-2iBH993zV3MxKCyFGCM1ecqpVoLkLsizq94jrJ8toxiSSvttvp_hlppfUV7gsWNT1QuJQPoqhTkMKx92smf4nr4hmHCJ7PKeJv-nj15l_Yb6p\" target=\"_blank\" rel=\"nofollow noopener noreferrer\">Museo de Ciencias Naturales-Centro Superior de Investigaciones Cient\u00edficas<\/a>,\u00a0\u00a0<a id=\"js_nwv\" class=\"_42a-\" href=\"http:\/\/www.sibic.org\/?fbclid=IwAR0G1CBb4WQftHMAZDnWH97B2XS95bvI2c3BQfvgRaVZTQuaDnbXTi79yLQ\" target=\"_blank\" rel=\"nofollow noopener noreferrer\">Sociedad Ib\u00e9rica de Ictiolog\u00eda (SIBIC)<\/a>,\u00a0\u00a0<a id=\"js_ocf\" class=\"_42a-\" href=\"https:\/\/www.unav.edu\/?fbclid=IwAR3XZK0CkBk3FnNjiPSlWlSwSt99sTZpMWE05m7elrykBysMXUbHEJCcgcc\" target=\"_blank\" rel=\"nofollow noopener noreferrer\">Universidad de Navarra<\/a>,\u00a0\u00a0<a id=\"js_nwr\" class=\"_42a-\" href=\"http:\/\/www.usc.es\/?fbclid=IwAR0LYZNh3Nzzbyl6UaaFrMS-docx39yoe5A3YJnPDAOMh2Mt7XgROReVqlI\" target=\"_blank\" rel=\"nofollow noopener noreferrer\">Universidad de Santiago de Compostela<\/a>,\u00a0\u00a0<a id=\"js_ock\" class=\"_42a-\" href=\"http:\/\/www.uevora.pt\/?fbclid=IwAR3RjWbZnsGrwALUkuHAJzrzHcNwoDGZ8eFigRJbK_Dx3badcJ72TuV2DtM\" target=\"_blank\" rel=\"nofollow noopener noreferrer\">Universidad de \u00c9vora<\/a>\u00a0e\u00a0<a id=\"js_nwn\" class=\"_42a-\" href=\"https:\/\/aspea.org\/?fbclid=IwAR32DN5jnLQp8yNLc861ZyU6QUpQ0MJlztBtiqbyh50XtaZpNqCyaZNyKsU\" target=\"_blank\" rel=\"nofollow noopener noreferrer\">Associa\u00e7ao Portuguesa de Educa\u00e7ao Ambiental<\/a>\u00a0(ASPEA)<\/p>\n<p><a href=\"http:\/\/twitter.com\/lifeinvasaqua\" target=\"_blank\" rel=\"noopener noreferrer\">@lifeinvasaqua<\/a><\/p>\n<p><img data-recalc-dims=\"1\" fetchpriority=\"high\" decoding=\"async\" class=\"aligncenter size-large wp-image-121869\" src=\"https:\/\/i0.wp.com\/lifeinvasaqua.com\/wp-content\/uploads\/2022\/05\/Life-invasaqua-firma-notas.png?resize=618%2C124&#038;ssl=1\" alt=\"\" width=\"618\" height=\"124\" \/><\/p>\n<p>&nbsp;<\/p>\n","protected":false},"excerpt":{"rendered":"<p>&#8220;Estas ocorr\u00eancias s\u00e3o recorrentes nestas massas de \u00e1gua, dado que os esporos podem permanecer de uns anos para os outros, sendo embora tempor\u00e1rios, pelo que tender\u00e3o a desaparecer&#8221;, explica, em comunicado, a Ag\u00eancia Portuguesa do Ambiente (APA). A associa\u00e7\u00e3o ambientalista Quercus denunciou a presen\u00e7a anormal&#8230;<\/p>\n","protected":false},"author":198164074,"featured_media":17637,"comment_status":"open","ping_status":"open","sticky":false,"template":"","format":"standard","meta":{"_acf_changed":false,"_jetpack_newsletter_access":"","_jetpack_dont_email_post_to_subs":false,"_jetpack_newsletter_tier_id":0,"_jetpack_memberships_contains_paywalled_content":false,"_wpcom_ai_launchpad_first_post":false,"_jetpack_feature_clip_id":0,"_jetpack_memberships_contains_paid_content":false,"footnotes":"","jetpack_publicize_message":"","jetpack_publicize_feature_enabled":true,"jetpack_social_post_already_shared":false,"jetpack_social_options":{"image_generator_settings":{"template":"highway","default_image_id":0,"font":"","enabled":false},"version":2},"jetpack_post_was_ever_published":false},"categories":[121881],"tags":[121925,121927,121946,121928,121929],"class_list":["post-112432","post","type-post","status-publish","format-standard","has-post-thumbnail","hentry","category-noticias-pt-pt","tag-eei-pt-pt","tag-exoticas-invasoras-pt-pt","tag-exoticas-invasoras-na-portugal","tag-invasaqua-pt-pt","tag-lifeinvasaqua-pt-pt"],"acf":[],"yoast_head":"<!-- This site is optimized with the Yoast SEO plugin v28.4 - https:\/\/yoast.com\/product\/yoast-seo-wordpress\/ -->\n<title>APA admite remo\u00e7\u00e3o mec\u00e2nica da planta que apreceu no Tejo internacional - Life Invasaqua<\/title>\n<meta name=\"robots\" content=\"index, follow, max-snippet:-1, max-image-preview:large, max-video-preview:-1\" \/>\n<link rel=\"canonical\" href=\"https:\/\/lifeinvasaqua.com\/pt-pt\/apa-admite-remocao-mecanica-da-planta-que-apreceu-no-tejo-internacional\/\" \/>\n<meta property=\"og:locale\" content=\"pt_PT\" \/>\n<meta property=\"og:type\" content=\"article\" \/>\n<meta property=\"og:title\" content=\"APA admite remo\u00e7\u00e3o mec\u00e2nica da planta que apreceu no Tejo internacional - Life Invasaqua\" \/>\n<meta property=\"og:description\" content=\"&#8220;Estas ocorr\u00eancias s\u00e3o recorrentes nestas massas de \u00e1gua, dado que os esporos podem permanecer de uns anos para os outros, sendo embora tempor\u00e1rios, pelo que tender\u00e3o a desaparecer&#8221;, explica, em comunicado, a Ag\u00eancia Portuguesa do Ambiente (APA). A associa\u00e7\u00e3o ambientalista Quercus denunciou a presen\u00e7a anormal...\" \/>\n<meta property=\"og:url\" content=\"https:\/\/lifeinvasaqua.com\/pt-pt\/apa-admite-remocao-mecanica-da-planta-que-apreceu-no-tejo-internacional\/\" \/>\n<meta property=\"og:site_name\" content=\"Life Invasaqua\" \/>\n<meta property=\"article:publisher\" content=\"https:\/\/www.facebook.com\/Lifeinvasaqua\/\" \/>\n<meta property=\"article:published_time\" content=\"2020-04-30T13:50:28+00:00\" \/>\n<meta property=\"article:modified_time\" content=\"2022-05-31T11:20:26+00:00\" \/>\n<meta property=\"og:image\" content=\"https:\/\/lifeinvasaqua.com\/wp-content\/uploads\/2019\/09\/INVASAQUA_LOGO.png\" \/>\n\t<meta property=\"og:image:width\" content=\"2316\" \/>\n\t<meta property=\"og:image:height\" content=\"1350\" \/>\n\t<meta property=\"og:image:type\" content=\"image\/png\" \/>\n<meta name=\"author\" content=\"lifeEditor\" \/>\n<meta name=\"twitter:card\" content=\"summary_large_image\" \/>\n<meta name=\"twitter:creator\" content=\"@lifeinvasaqua\" \/>\n<meta name=\"twitter:site\" content=\"@lifeinvasaqua\" \/>\n<script type=\"application\/ld+json\" class=\"yoast-schema-graph\">{\"@context\":\"https:\\\/\\\/schema.org\",\"@graph\":[{\"@type\":\"Article\",\"@id\":\"https:\\\/\\\/lifeinvasaqua.com\\\/pt-pt\\\/apa-admite-remocao-mecanica-da-planta-que-apreceu-no-tejo-internacional\\\/#article\",\"isPartOf\":{\"@id\":\"https:\\\/\\\/lifeinvasaqua.com\\\/pt-pt\\\/apa-admite-remocao-mecanica-da-planta-que-apreceu-no-tejo-internacional\\\/\"},\"author\":{\"name\":\"lifeEditor\",\"@id\":\"https:\\\/\\\/lifeinvasaqua.com\\\/pt-pt\\\/#\\\/schema\\\/person\\\/8af4d4239e9cda4d925c162fe65b1fb3\"},\"headline\":\"APA admite remo\u00e7\u00e3o mec\u00e2nica da planta que apreceu no Tejo internacional\",\"datePublished\":\"2020-04-30T13:50:28+00:00\",\"dateModified\":\"2022-05-31T11:20:26+00:00\",\"mainEntityOfPage\":{\"@id\":\"https:\\\/\\\/lifeinvasaqua.com\\\/pt-pt\\\/apa-admite-remocao-mecanica-da-planta-que-apreceu-no-tejo-internacional\\\/\"},\"wordCount\":590,\"commentCount\":0,\"image\":{\"@id\":\"https:\\\/\\\/lifeinvasaqua.com\\\/pt-pt\\\/apa-admite-remocao-mecanica-da-planta-que-apreceu-no-tejo-internacional\\\/#primaryimage\"},\"thumbnailUrl\":\"https:\\\/\\\/i0.wp.com\\\/lifeinvasaqua.com\\\/wp-content\\\/uploads\\\/2019\\\/09\\\/INVASAQUA_LOGO.png?fit=2316%2C1350&ssl=1\",\"keywords\":[\"eei\",\"ex\u00f3ticas invasoras\",\"ex\u00f3ticas invasoras na Portugal\",\"Invasaqua\",\"LifeInvasaqua\"],\"articleSection\":[\"Not\u00edcias\"],\"inLanguage\":\"pt-PT\",\"potentialAction\":[{\"@type\":\"CommentAction\",\"name\":\"Comment\",\"target\":[\"https:\\\/\\\/lifeinvasaqua.com\\\/pt-pt\\\/apa-admite-remocao-mecanica-da-planta-que-apreceu-no-tejo-internacional\\\/#respond\"]}]},{\"@type\":\"WebPage\",\"@id\":\"https:\\\/\\\/lifeinvasaqua.com\\\/pt-pt\\\/apa-admite-remocao-mecanica-da-planta-que-apreceu-no-tejo-internacional\\\/\",\"url\":\"https:\\\/\\\/lifeinvasaqua.com\\\/pt-pt\\\/apa-admite-remocao-mecanica-da-planta-que-apreceu-no-tejo-internacional\\\/\",\"name\":\"APA admite remo\u00e7\u00e3o mec\u00e2nica da planta que apreceu no Tejo internacional - Life Invasaqua\",\"isPartOf\":{\"@id\":\"https:\\\/\\\/lifeinvasaqua.com\\\/pt-pt\\\/#website\"},\"primaryImageOfPage\":{\"@id\":\"https:\\\/\\\/lifeinvasaqua.com\\\/pt-pt\\\/apa-admite-remocao-mecanica-da-planta-que-apreceu-no-tejo-internacional\\\/#primaryimage\"},\"image\":{\"@id\":\"https:\\\/\\\/lifeinvasaqua.com\\\/pt-pt\\\/apa-admite-remocao-mecanica-da-planta-que-apreceu-no-tejo-internacional\\\/#primaryimage\"},\"thumbnailUrl\":\"https:\\\/\\\/i0.wp.com\\\/lifeinvasaqua.com\\\/wp-content\\\/uploads\\\/2019\\\/09\\\/INVASAQUA_LOGO.png?fit=2316%2C1350&ssl=1\",\"datePublished\":\"2020-04-30T13:50:28+00:00\",\"dateModified\":\"2022-05-31T11:20:26+00:00\",\"author\":{\"@id\":\"https:\\\/\\\/lifeinvasaqua.com\\\/pt-pt\\\/#\\\/schema\\\/person\\\/8af4d4239e9cda4d925c162fe65b1fb3\"},\"inLanguage\":\"pt-PT\",\"potentialAction\":[{\"@type\":\"ReadAction\",\"target\":[\"https:\\\/\\\/lifeinvasaqua.com\\\/pt-pt\\\/apa-admite-remocao-mecanica-da-planta-que-apreceu-no-tejo-internacional\\\/\"]}]},{\"@type\":\"ImageObject\",\"inLanguage\":\"pt-PT\",\"@id\":\"https:\\\/\\\/lifeinvasaqua.com\\\/pt-pt\\\/apa-admite-remocao-mecanica-da-planta-que-apreceu-no-tejo-internacional\\\/#primaryimage\",\"url\":\"https:\\\/\\\/i0.wp.com\\\/lifeinvasaqua.com\\\/wp-content\\\/uploads\\\/2019\\\/09\\\/INVASAQUA_LOGO.png?fit=2316%2C1350&ssl=1\",\"contentUrl\":\"https:\\\/\\\/i0.wp.com\\\/lifeinvasaqua.com\\\/wp-content\\\/uploads\\\/2019\\\/09\\\/INVASAQUA_LOGO.png?fit=2316%2C1350&ssl=1\",\"width\":2316,\"height\":1350,\"caption\":\"trabajos\"},{\"@type\":\"WebSite\",\"@id\":\"https:\\\/\\\/lifeinvasaqua.com\\\/pt-pt\\\/#website\",\"url\":\"https:\\\/\\\/lifeinvasaqua.com\\\/pt-pt\\\/\",\"name\":\"Life Invasaqua\",\"description\":\"\",\"potentialAction\":[{\"@type\":\"SearchAction\",\"target\":{\"@type\":\"EntryPoint\",\"urlTemplate\":\"https:\\\/\\\/lifeinvasaqua.com\\\/pt-pt\\\/?s={search_term_string}\"},\"query-input\":{\"@type\":\"PropertyValueSpecification\",\"valueRequired\":true,\"valueName\":\"search_term_string\"}}],\"inLanguage\":\"pt-PT\"},{\"@type\":\"Person\",\"@id\":\"https:\\\/\\\/lifeinvasaqua.com\\\/pt-pt\\\/#\\\/schema\\\/person\\\/8af4d4239e9cda4d925c162fe65b1fb3\",\"name\":\"lifeEditor\",\"image\":{\"@type\":\"ImageObject\",\"inLanguage\":\"pt-PT\",\"@id\":\"https:\\\/\\\/secure.gravatar.com\\\/avatar\\\/7633ff698dc5aea47911bfd190b160fffdabdadbbbd61d52c102058355de331e?s=96&d=identicon&r=g\",\"url\":\"https:\\\/\\\/secure.gravatar.com\\\/avatar\\\/7633ff698dc5aea47911bfd190b160fffdabdadbbbd61d52c102058355de331e?s=96&d=identicon&r=g\",\"contentUrl\":\"https:\\\/\\\/secure.gravatar.com\\\/avatar\\\/7633ff698dc5aea47911bfd190b160fffdabdadbbbd61d52c102058355de331e?s=96&d=identicon&r=g\",\"caption\":\"lifeEditor\"},\"description\":\"LIFE17 GIE\\\/ES\\\/000515 Life Invasaqua de la UE. Especies ex\u00f3ticas invasoras de agua dulce y sistemas estuarinos: sensibilizaci\u00f3n y prevenci\u00f3n en la Pen\u00ednsula Ib\u00e9rica\",\"sameAs\":[\"http:\\\/\\\/www.efeverde.com\"],\"url\":\"https:\\\/\\\/lifeinvasaqua.com\\\/pt-pt\\\/author\\\/lifeeditor\\\/\"}]}<\/script>\n<!-- \/ Yoast SEO plugin. -->","yoast_head_json":{"title":"APA admite remo\u00e7\u00e3o mec\u00e2nica da planta que apreceu no Tejo internacional - Life Invasaqua","robots":{"index":"index","follow":"follow","max-snippet":"max-snippet:-1","max-image-preview":"max-image-preview:large","max-video-preview":"max-video-preview:-1"},"canonical":"https:\/\/lifeinvasaqua.com\/pt-pt\/apa-admite-remocao-mecanica-da-planta-que-apreceu-no-tejo-internacional\/","og_locale":"pt_PT","og_type":"article","og_title":"APA admite remo\u00e7\u00e3o mec\u00e2nica da planta que apreceu no Tejo internacional - Life Invasaqua","og_description":"&#8220;Estas ocorr\u00eancias s\u00e3o recorrentes nestas massas de \u00e1gua, dado que os esporos podem permanecer de uns anos para os outros, sendo embora tempor\u00e1rios, pelo que tender\u00e3o a desaparecer&#8221;, explica, em comunicado, a Ag\u00eancia Portuguesa do Ambiente (APA). A associa\u00e7\u00e3o ambientalista Quercus denunciou a presen\u00e7a anormal...","og_url":"https:\/\/lifeinvasaqua.com\/pt-pt\/apa-admite-remocao-mecanica-da-planta-que-apreceu-no-tejo-internacional\/","og_site_name":"Life Invasaqua","article_publisher":"https:\/\/www.facebook.com\/Lifeinvasaqua\/","article_published_time":"2020-04-30T13:50:28+00:00","article_modified_time":"2022-05-31T11:20:26+00:00","og_image":[{"width":2316,"height":1350,"url":"https:\/\/lifeinvasaqua.com\/wp-content\/uploads\/2019\/09\/INVASAQUA_LOGO.png","type":"image\/png"}],"author":"lifeEditor","twitter_card":"summary_large_image","twitter_creator":"@lifeinvasaqua","twitter_site":"@lifeinvasaqua","schema":{"@context":"https:\/\/schema.org","@graph":[{"@type":"Article","@id":"https:\/\/lifeinvasaqua.com\/pt-pt\/apa-admite-remocao-mecanica-da-planta-que-apreceu-no-tejo-internacional\/#article","isPartOf":{"@id":"https:\/\/lifeinvasaqua.com\/pt-pt\/apa-admite-remocao-mecanica-da-planta-que-apreceu-no-tejo-internacional\/"},"author":{"name":"lifeEditor","@id":"https:\/\/lifeinvasaqua.com\/pt-pt\/#\/schema\/person\/8af4d4239e9cda4d925c162fe65b1fb3"},"headline":"APA admite remo\u00e7\u00e3o mec\u00e2nica da planta que apreceu no Tejo internacional","datePublished":"2020-04-30T13:50:28+00:00","dateModified":"2022-05-31T11:20:26+00:00","mainEntityOfPage":{"@id":"https:\/\/lifeinvasaqua.com\/pt-pt\/apa-admite-remocao-mecanica-da-planta-que-apreceu-no-tejo-internacional\/"},"wordCount":590,"commentCount":0,"image":{"@id":"https:\/\/lifeinvasaqua.com\/pt-pt\/apa-admite-remocao-mecanica-da-planta-que-apreceu-no-tejo-internacional\/#primaryimage"},"thumbnailUrl":"https:\/\/i0.wp.com\/lifeinvasaqua.com\/wp-content\/uploads\/2019\/09\/INVASAQUA_LOGO.png?fit=2316%2C1350&ssl=1","keywords":["eei","ex\u00f3ticas invasoras","ex\u00f3ticas invasoras na Portugal","Invasaqua","LifeInvasaqua"],"articleSection":["Not\u00edcias"],"inLanguage":"pt-PT","potentialAction":[{"@type":"CommentAction","name":"Comment","target":["https:\/\/lifeinvasaqua.com\/pt-pt\/apa-admite-remocao-mecanica-da-planta-que-apreceu-no-tejo-internacional\/#respond"]}]},{"@type":"WebPage","@id":"https:\/\/lifeinvasaqua.com\/pt-pt\/apa-admite-remocao-mecanica-da-planta-que-apreceu-no-tejo-internacional\/","url":"https:\/\/lifeinvasaqua.com\/pt-pt\/apa-admite-remocao-mecanica-da-planta-que-apreceu-no-tejo-internacional\/","name":"APA admite remo\u00e7\u00e3o mec\u00e2nica da planta que apreceu no Tejo internacional - Life Invasaqua","isPartOf":{"@id":"https:\/\/lifeinvasaqua.com\/pt-pt\/#website"},"primaryImageOfPage":{"@id":"https:\/\/lifeinvasaqua.com\/pt-pt\/apa-admite-remocao-mecanica-da-planta-que-apreceu-no-tejo-internacional\/#primaryimage"},"image":{"@id":"https:\/\/lifeinvasaqua.com\/pt-pt\/apa-admite-remocao-mecanica-da-planta-que-apreceu-no-tejo-internacional\/#primaryimage"},"thumbnailUrl":"https:\/\/i0.wp.com\/lifeinvasaqua.com\/wp-content\/uploads\/2019\/09\/INVASAQUA_LOGO.png?fit=2316%2C1350&ssl=1","datePublished":"2020-04-30T13:50:28+00:00","dateModified":"2022-05-31T11:20:26+00:00","author":{"@id":"https:\/\/lifeinvasaqua.com\/pt-pt\/#\/schema\/person\/8af4d4239e9cda4d925c162fe65b1fb3"},"inLanguage":"pt-PT","potentialAction":[{"@type":"ReadAction","target":["https:\/\/lifeinvasaqua.com\/pt-pt\/apa-admite-remocao-mecanica-da-planta-que-apreceu-no-tejo-internacional\/"]}]},{"@type":"ImageObject","inLanguage":"pt-PT","@id":"https:\/\/lifeinvasaqua.com\/pt-pt\/apa-admite-remocao-mecanica-da-planta-que-apreceu-no-tejo-internacional\/#primaryimage","url":"https:\/\/i0.wp.com\/lifeinvasaqua.com\/wp-content\/uploads\/2019\/09\/INVASAQUA_LOGO.png?fit=2316%2C1350&ssl=1","contentUrl":"https:\/\/i0.wp.com\/lifeinvasaqua.com\/wp-content\/uploads\/2019\/09\/INVASAQUA_LOGO.png?fit=2316%2C1350&ssl=1","width":2316,"height":1350,"caption":"trabajos"},{"@type":"WebSite","@id":"https:\/\/lifeinvasaqua.com\/pt-pt\/#website","url":"https:\/\/lifeinvasaqua.com\/pt-pt\/","name":"Life Invasaqua","description":"","potentialAction":[{"@type":"SearchAction","target":{"@type":"EntryPoint","urlTemplate":"https:\/\/lifeinvasaqua.com\/pt-pt\/?s={search_term_string}"},"query-input":{"@type":"PropertyValueSpecification","valueRequired":true,"valueName":"search_term_string"}}],"inLanguage":"pt-PT"},{"@type":"Person","@id":"https:\/\/lifeinvasaqua.com\/pt-pt\/#\/schema\/person\/8af4d4239e9cda4d925c162fe65b1fb3","name":"lifeEditor","image":{"@type":"ImageObject","inLanguage":"pt-PT","@id":"https:\/\/secure.gravatar.com\/avatar\/7633ff698dc5aea47911bfd190b160fffdabdadbbbd61d52c102058355de331e?s=96&d=identicon&r=g","url":"https:\/\/secure.gravatar.com\/avatar\/7633ff698dc5aea47911bfd190b160fffdabdadbbbd61d52c102058355de331e?s=96&d=identicon&r=g","contentUrl":"https:\/\/secure.gravatar.com\/avatar\/7633ff698dc5aea47911bfd190b160fffdabdadbbbd61d52c102058355de331e?s=96&d=identicon&r=g","caption":"lifeEditor"},"description":"LIFE17 GIE\/ES\/000515 Life Invasaqua de la UE. Especies ex\u00f3ticas invasoras de agua dulce y sistemas estuarinos: sensibilizaci\u00f3n y prevenci\u00f3n en la Pen\u00ednsula Ib\u00e9rica","sameAs":["http:\/\/www.efeverde.com"],"url":"https:\/\/lifeinvasaqua.com\/pt-pt\/author\/lifeeditor\/"}]}},"jetpack_publicize_connections":[],"jetpack_shortlink":"https:\/\/wp.me\/pdZEhQ-tfq","jetpack_sharing_enabled":true,"jetpack_featured_media_url":"https:\/\/i0.wp.com\/lifeinvasaqua.com\/wp-content\/uploads\/2019\/09\/INVASAQUA_LOGO.png?fit=2316%2C1350&ssl=1","_links":{"self":[{"href":"https:\/\/lifeinvasaqua.com\/pt-pt\/wp-json\/wp\/v2\/posts\/112432","targetHints":{"allow":["GET"]}}],"collection":[{"href":"https:\/\/lifeinvasaqua.com\/pt-pt\/wp-json\/wp\/v2\/posts"}],"about":[{"href":"https:\/\/lifeinvasaqua.com\/pt-pt\/wp-json\/wp\/v2\/types\/post"}],"author":[{"embeddable":true,"href":"https:\/\/lifeinvasaqua.com\/pt-pt\/wp-json\/wp\/v2\/users\/198164074"}],"replies":[{"embeddable":true,"href":"https:\/\/lifeinvasaqua.com\/pt-pt\/wp-json\/wp\/v2\/comments?post=112432"}],"version-history":[{"count":2,"href":"https:\/\/lifeinvasaqua.com\/pt-pt\/wp-json\/wp\/v2\/posts\/112432\/revisions"}],"predecessor-version":[{"id":112699,"href":"https:\/\/lifeinvasaqua.com\/pt-pt\/wp-json\/wp\/v2\/posts\/112432\/revisions\/112699"}],"wp:featuredmedia":[{"embeddable":true,"href":"https:\/\/lifeinvasaqua.com\/pt-pt\/wp-json\/wp\/v2\/media\/17637"}],"wp:attachment":[{"href":"https:\/\/lifeinvasaqua.com\/pt-pt\/wp-json\/wp\/v2\/media?parent=112432"}],"wp:term":[{"taxonomy":"category","embeddable":true,"href":"https:\/\/lifeinvasaqua.com\/pt-pt\/wp-json\/wp\/v2\/categories?post=112432"},{"taxonomy":"post_tag","embeddable":true,"href":"https:\/\/lifeinvasaqua.com\/pt-pt\/wp-json\/wp\/v2\/tags?post=112432"}],"curies":[{"name":"wp","href":"https:\/\/api.w.org\/{rel}","templated":true}]}}