{"id":112388,"date":"2019-06-21T14:26:14","date_gmt":"2019-06-21T12:26:14","guid":{"rendered":"https:\/\/lifeinvasaqua.com\/2019\/06\/21\/life-invasaqua-peixes-tejo\/"},"modified":"2022-05-31T13:14:04","modified_gmt":"2022-05-31T11:14:04","slug":"life-invasaqua-peixes-tejo","status":"publish","type":"post","link":"https:\/\/lifeinvasaqua.com\/pt-pt\/life-invasaqua-peixes-tejo\/","title":{"rendered":"O projeto Life Invasaqua no semin\u00e1rio sobre peixes do Tejo"},"content":{"rendered":"<p>No dia 19 de Junho, teve lugar o semin\u00e1rio sobre &#8220;Conserva\u00e7\u00e3o e reabilita\u00e7\u00e3o de\u00a0habitats para a fauna pisc\u00edcola da Regi\u00e3o Hidrogr\u00e1fica do Tejo e Ribeiras do Oeste&#8221; no Audit\u00f3rio da Dire\u00e7\u00e3o Geral do Territ\u00f3rio (DGT) em Lisboa, organizado pela Ag\u00eancia Portuguesa do Ambiente.<\/p>\n<p>Neste evento, marcado pela import\u00e2ncia de gerir as problem\u00e1ticas ambientais relacionadas com a biodiversidade e os ecossistemas aqu\u00e1ticos, o investigador Filipe Ribeiro, do Centro de Ci\u00eancias do Mar e do Ambiente (MARE) da Universidade de Lisboa apresentou o projeto Life Invasaqua.<\/p>\n<h2><span style=\"color: #008000;\">Elevada participa\u00e7\u00e3o<\/span><\/h2>\n<p>Com uma participa\u00e7\u00e3o de mais de 70 pessoas, o semin\u00e1rio foi uma boa iniciativa para dar a conhecer o projeto Life Invasaqua, depois das apresenta\u00e7\u00f5es dos<br \/>\nconvidados, que falaram da import\u00e2ncia da comunica\u00e7\u00e3o entre as diferentes partes interessadas (agricultores, pol\u00edticos, gestores dos rios, etc.).<br \/>\nJustamente, o projeto visa melhorar e criar t\u00e9cnicas de divulga\u00e7\u00e3o\u00a0do conhecimento atual sobre a problem\u00e1tica das esp\u00e9cies ex\u00f3ticas invasoras (EEI).<\/p>\n<p>O Tejo, um rio ib\u00e9rico, foi o foco do semin\u00e1rio na sede da DGT. A vis\u00e3o do projeto Life Invasaqua sobre a comunica\u00e7\u00e3o a n\u00edvel peninsular entre Espanha e Portugal \u00e9 uma \u00f3ptima oportunidade para estabelecer as bases para ferramentas mais eficientes na gest\u00e3o destas problem\u00e1ticas transfronteiri\u00e7as.<\/p>\n<div id=\"attachment_1845\" style=\"width: 276px\" class=\"wp-caption alignright\"><img data-recalc-dims=\"1\" fetchpriority=\"high\" decoding=\"async\" aria-describedby=\"caption-attachment-1845\" class=\" wp-image-1845\" src=\"https:\/\/i0.wp.com\/lifeinvasaqua.com\/wp-content\/uploads\/2019\/06\/IMG-20190619-WA0008.jpg?resize=266%2C200&#038;ssl=1\" alt=\"tejo\" width=\"266\" height=\"200\" \/><p id=\"caption-attachment-1845\" class=\"wp-caption-text\">Filipe Ribeiro (Mare). Semin\u00e1rio sobre peixes do Tejo. EFE\/Life Invasaqua<\/p><\/div>\n<h2><span style=\"color: #008000;\">Profissionalidade<\/span><\/h2>\n<div>O semin\u00e1rio contou com a presen\u00e7a de in\u00fameras personalidades das \u00e1reas acad\u00eamica, cient\u00edfica e de conserva\u00e7\u00e3o, tais como\u00a0Jos\u00e9 Pimenta Machado, Vice-Presidente da APA;\u00a0\u00a0Teresa Ferreira (Instituto Superior de Agronomia), Jo\u00e3o Manuel Bernardo (Universidade de \u00c9vora), Hugo Gante (Indiana State University, Dept of Biology), Carla Sousa Santos (ISPA-MARE), Bernardo Quintella (Universidade de \u00c9vora-MARE-FCUL) , Catarina Mateus (Universidade de \u00c9vora-MARE),\u00a0Filipe Ribeiro (MARE), Joana Martelo (MARE) e Pedro Teiga (E. Rio Unip. Lda.).<\/div>\n<div id=\"attachment_1848\" style=\"width: 204px\" class=\"wp-caption alignleft\"><img data-recalc-dims=\"1\" decoding=\"async\" aria-describedby=\"caption-attachment-1848\" class=\" wp-image-1848\" src=\"https:\/\/i0.wp.com\/lifeinvasaqua.com\/wp-content\/uploads\/2019\/06\/IMG-20190619-WA0010.jpg?resize=194%2C259&#038;ssl=1\" alt=\"\" width=\"194\" height=\"259\" \/><p id=\"caption-attachment-1848\" class=\"wp-caption-text\">@LifeInvasaqua<\/p><\/div>\n<h2><span style=\"color: #008000;\">Life Invasaqua<\/span><\/h2>\n<p>O projecto Life Invasaqua, cofinanciado pelo programa LIFE da Comiss\u00e3o Europeia, visa contribuir para a redu\u00e7\u00e3o dos impactos nocivos das Esp\u00e9cies Ex\u00f3ticas Invasoras (EEI) na biodiversidade atrav\u00e9s do aumento da sensibiliza\u00e7\u00e3o do p\u00fablico, aumento da forma\u00e7\u00e3o dos setores envolvidos e a cria\u00e7\u00e3o de ferramentas para um sistema eficiente de gest\u00e3o do seu impacto em ecossistemas de \u00e1gua doce e\u00a0estu\u00e1rios. O seu principal objectivo \u00e9 apoiar a comunica\u00e7\u00e3o, gest\u00e3o e dissemina\u00e7\u00e3o de\u00a0informa\u00e7\u00e3o sobre as EEI na Pen\u00ednsula Ib\u00e9rica.<\/p>\n<p>Por isso, o projecto visa alertar a sociedade civil e diferentes grupos-chave atrav\u00e9s de colabora\u00e7\u00f5es com diferentes entidades em Portugal e Espanha, desde universidades a ag\u00eancias de comunica\u00e7\u00e3o.<\/p>\n<hr \/>\n<p><strong><a href=\"https:\/\/lifeinvasaqua.com\/\" target=\"_blank\" rel=\"noopener\">About LIFE17 GIE\/ES\/000515 Life Invasaqua of the EU.<\/a><\/strong><\/p>\n<p><strong>Esp\u00e9cies ex\u00f3ticas invasoras de \u00e1gua doce e sistemas estuarinos: sensibiliza\u00e7\u00e3o e preven\u00e7\u00e3o na Pen\u00ednsula Ib\u00e9rica<\/strong><\/p>\n<p>Co-financiado pela UE no \u00e2mbito da iniciativa Life e coordenado pela Universidade de M\u00farcia, LIFE INVASAQUA visa contribuir para reduzir os impactos nocivos das ESP\u00c9CIES EX\u00d3TICAS INVASORASORAS (IEE) na biodiversidade, aumentando a sensibiliza\u00e7\u00e3o do p\u00fablico, aumentando a forma\u00e7\u00e3o nos sectores envolvidos e criando ferramentas para um sistema eficaz de alerta r\u00e1pido e resposta r\u00e1pida (EWRRR) para gerir os seus impactos nos ecossistemas e estu\u00e1rios de \u00e1gua doce.<\/p>\n<p>Life Invasaqua \u00e9 coordenado pela Universidade de M\u00farcia com a participa\u00e7\u00e3o de 8 parceiros::\u00a0<a class=\"_42a-\" href=\"https:\/\/l.facebook.com\/l.php?u=http%3A%2F%2Ftwitter.com%2Fefeverde%3Ffbclid%3DIwAR3N2omz8QQZCQIvY3Cagb9ds1CKHJ3dPJZ_OpbpXn7Y2PRET9E-fGnMyh4&amp;h=AT18RXlkWuMLHIQK4Z95Gk-2iBH993zV3MxKCyFGCM1ecqpVoLkLsizq94jrJ8toxiSSvttvp_hlppfUV7gsWNT1QuJQPoqhTkMKx92smf4nr4hmHCJ7PKeJv-nj15l_Yb6p\" target=\"_blank\" rel=\"nofollow noopener noreferrer\">EFEverde<\/a>\u00a0da <a id=\"js_oc6\" class=\"_42a-\" href=\"https:\/\/www.efe.com\/?fbclid=IwAR2mK4D4B4dZgv2DlCaapLMkBMAlJ7OpjLk2uxl3Z13V3y84elSRKv8HEFk\" target=\"_blank\" rel=\"nofollow noopener noreferrer\">Agencia EFE<\/a>,\u00a0 UICN-Med,\u00a0\u00a0<a id=\"js_nx0\" class=\"_42a-\" href=\"https:\/\/l.facebook.com\/l.php?u=http%3A%2F%2Fwww.mncn.csic.es%2F%3Ffbclid%3DIwAR0h4lon9MG07D6rpY7zLKd0y3xK0fPKducbVhNwlRBtws6TuGO7DFe5Mtw&amp;h=AT18RXlkWuMLHIQK4Z95Gk-2iBH993zV3MxKCyFGCM1ecqpVoLkLsizq94jrJ8toxiSSvttvp_hlppfUV7gsWNT1QuJQPoqhTkMKx92smf4nr4hmHCJ7PKeJv-nj15l_Yb6p\" target=\"_blank\" rel=\"nofollow noopener noreferrer\">Museo de Ciencias Naturales-Centro Superior de Investigaciones Cient\u00edficas<\/a>,\u00a0\u00a0<a id=\"js_nwv\" class=\"_42a-\" href=\"http:\/\/www.sibic.org\/?fbclid=IwAR0G1CBb4WQftHMAZDnWH97B2XS95bvI2c3BQfvgRaVZTQuaDnbXTi79yLQ\" target=\"_blank\" rel=\"nofollow noopener noreferrer\">Sociedad Ib\u00e9rica de Ictiolog\u00eda (SIBIC)<\/a>,\u00a0 <a id=\"js_ocf\" class=\"_42a-\" href=\"https:\/\/www.unav.edu\/?fbclid=IwAR3XZK0CkBk3FnNjiPSlWlSwSt99sTZpMWE05m7elrykBysMXUbHEJCcgcc\" target=\"_blank\" rel=\"nofollow noopener noreferrer\">Universidad de Navarra<\/a>,\u00a0 <a id=\"js_nwr\" class=\"_42a-\" href=\"http:\/\/www.usc.es\/?fbclid=IwAR0LYZNh3Nzzbyl6UaaFrMS-docx39yoe5A3YJnPDAOMh2Mt7XgROReVqlI\" target=\"_blank\" rel=\"nofollow noopener noreferrer\">Universidad de Santiago de Compostela<\/a>,\u00a0\u00a0<a id=\"js_ock\" class=\"_42a-\" href=\"http:\/\/www.uevora.pt\/?fbclid=IwAR3RjWbZnsGrwALUkuHAJzrzHcNwoDGZ8eFigRJbK_Dx3badcJ72TuV2DtM\" target=\"_blank\" rel=\"nofollow noopener noreferrer\">Universidad de \u00c9vora<\/a>\u00a0e\u00a0<a id=\"js_nwn\" class=\"_42a-\" href=\"https:\/\/aspea.org\/?fbclid=IwAR32DN5jnLQp8yNLc861ZyU6QUpQ0MJlztBtiqbyh50XtaZpNqCyaZNyKsU\" target=\"_blank\" rel=\"nofollow noopener noreferrer\">Associa\u00e7ao Portuguesa de Educa\u00e7ao Ambiental<\/a>\u00a0(ASPEA)<\/p>\n<p><a href=\"http:\/\/twitter.com\/lifeinvasaqua\" target=\"_blank\" rel=\"noopener\">@lifeinvasaqua<\/a><\/p>\n<p><img data-recalc-dims=\"1\" decoding=\"async\" class=\"aligncenter size-large wp-image-121869\" src=\"https:\/\/i0.wp.com\/lifeinvasaqua.com\/wp-content\/uploads\/2022\/05\/Life-invasaqua-firma-notas.png?resize=618%2C124&#038;ssl=1\" alt=\"\" width=\"618\" height=\"124\" \/><\/p>\n<p><img data-recalc-dims=\"1\" loading=\"lazy\" decoding=\"async\" class=\"aligncenter size-large wp-image-123186\" src=\"https:\/\/i0.wp.com\/lifeinvasaqua.com\/wp-content\/uploads\/2019\/02\/combo-logos-2.png?resize=618%2C274&#038;ssl=1\" alt=\"Socios Invasaqua\" width=\"618\" height=\"274\" \/><\/p>\n","protected":false},"excerpt":{"rendered":"<p>No dia 19 de Junho, teve lugar o semin\u00e1rio sobre &#8220;Conserva\u00e7\u00e3o e reabilita\u00e7\u00e3o de\u00a0habitats para a fauna pisc\u00edcola da Regi\u00e3o Hidrogr\u00e1fica do Tejo e Ribeiras do Oeste&#8221; no Audit\u00f3rio da Dire\u00e7\u00e3o Geral do Territ\u00f3rio (DGT) em Lisboa, organizado pela Ag\u00eancia Portuguesa do Ambiente. Neste evento,&#8230;<\/p>\n","protected":false},"author":198164074,"featured_media":14469,"comment_status":"open","ping_status":"open","sticky":false,"template":"","format":"standard","meta":{"_acf_changed":false,"_jetpack_newsletter_access":"","_jetpack_dont_email_post_to_subs":false,"_jetpack_newsletter_tier_id":0,"_jetpack_memberships_contains_paywalled_content":false,"_wpcom_ai_launchpad_first_post":false,"_jetpack_feature_clip_id":0,"_jetpack_memberships_contains_paid_content":false,"footnotes":"","jetpack_publicize_message":"","jetpack_publicize_feature_enabled":true,"jetpack_social_post_already_shared":false,"jetpack_social_options":{"image_generator_settings":{"template":"highway","default_image_id":0,"font":"","enabled":false},"version":2},"jetpack_post_was_ever_published":false},"categories":[121882,121881],"tags":[121946,121937,121952,121938],"class_list":["post-112388","post","type-post","status-publish","format-standard","has-post-thumbnail","hentry","category-hitosinvasaqua-pt-pt","category-noticias-pt-pt","tag-exoticas-invasoras-na-portugal","tag-peixes","tag-portugal-pt-pt","tag-tejo"],"acf":[],"yoast_head":"<!-- This site is optimized with the Yoast SEO plugin v28.3 - https:\/\/yoast.com\/product\/yoast-seo-wordpress\/ -->\n<title>O projeto Life Invasaqua no semin\u00e1rio sobre peixes do Tejo<\/title>\n<meta name=\"description\" content=\"Participa\u00e7\u00e3o do projeto Life Invasaqua no semin\u00e1rio sobre peixes do Tejo, organizado pela Ag\u00eancia Portuguesa do Ambiente.\" \/>\n<meta name=\"robots\" content=\"index, follow, max-snippet:-1, max-image-preview:large, max-video-preview:-1\" \/>\n<link rel=\"canonical\" href=\"https:\/\/lifeinvasaqua.com\/pt-pt\/life-invasaqua-peixes-tejo\/\" \/>\n<meta property=\"og:locale\" content=\"pt_PT\" \/>\n<meta property=\"og:type\" content=\"article\" \/>\n<meta property=\"og:title\" content=\"O projeto Life Invasaqua no semin\u00e1rio sobre peixes do Tejo\" \/>\n<meta property=\"og:description\" content=\"Participa\u00e7\u00e3o do projeto Life Invasaqua no semin\u00e1rio sobre peixes do Tejo, organizado pela Ag\u00eancia Portuguesa do Ambiente.\" \/>\n<meta property=\"og:url\" content=\"https:\/\/lifeinvasaqua.com\/pt-pt\/life-invasaqua-peixes-tejo\/\" \/>\n<meta property=\"og:site_name\" content=\"Life Invasaqua\" \/>\n<meta property=\"article:publisher\" content=\"https:\/\/www.facebook.com\/Lifeinvasaqua\/\" \/>\n<meta property=\"article:published_time\" content=\"2019-06-21T12:26:14+00:00\" \/>\n<meta property=\"article:modified_time\" content=\"2022-05-31T11:14:04+00:00\" \/>\n<meta property=\"og:image\" content=\"https:\/\/lifeinvasaqua.com\/wp-content\/uploads\/2019\/06\/IMG-20190619-WA0009.jpg\" \/>\n\t<meta property=\"og:image:width\" content=\"1920\" \/>\n\t<meta property=\"og:image:height\" content=\"1440\" \/>\n\t<meta property=\"og:image:type\" content=\"image\/jpeg\" \/>\n<meta name=\"author\" content=\"lifeEditor\" \/>\n<meta name=\"twitter:card\" content=\"summary_large_image\" \/>\n<meta name=\"twitter:creator\" content=\"@lifeinvasaqua\" \/>\n<meta name=\"twitter:site\" content=\"@lifeinvasaqua\" \/>\n<script type=\"application\/ld+json\" class=\"yoast-schema-graph\">{\"@context\":\"https:\\\/\\\/schema.org\",\"@graph\":[{\"@type\":\"Article\",\"@id\":\"https:\\\/\\\/lifeinvasaqua.com\\\/pt-pt\\\/life-invasaqua-peixes-tejo\\\/#article\",\"isPartOf\":{\"@id\":\"https:\\\/\\\/lifeinvasaqua.com\\\/pt-pt\\\/life-invasaqua-peixes-tejo\\\/\"},\"author\":{\"name\":\"lifeEditor\",\"@id\":\"https:\\\/\\\/lifeinvasaqua.com\\\/pt-pt\\\/#\\\/schema\\\/person\\\/8af4d4239e9cda4d925c162fe65b1fb3\"},\"headline\":\"O projeto Life Invasaqua no semin\u00e1rio sobre peixes do Tejo\",\"datePublished\":\"2019-06-21T12:26:14+00:00\",\"dateModified\":\"2022-05-31T11:14:04+00:00\",\"mainEntityOfPage\":{\"@id\":\"https:\\\/\\\/lifeinvasaqua.com\\\/pt-pt\\\/life-invasaqua-peixes-tejo\\\/\"},\"wordCount\":638,\"commentCount\":0,\"image\":{\"@id\":\"https:\\\/\\\/lifeinvasaqua.com\\\/pt-pt\\\/life-invasaqua-peixes-tejo\\\/#primaryimage\"},\"thumbnailUrl\":\"https:\\\/\\\/i0.wp.com\\\/lifeinvasaqua.com\\\/wp-content\\\/uploads\\\/2019\\\/06\\\/IMG-20190619-WA0009.jpg?fit=1920%2C1440&ssl=1\",\"keywords\":[\"ex\u00f3ticas invasoras na Portugal\",\"peixes\",\"portugal\",\"tejo\"],\"articleSection\":[\"Marcos\",\"Not\u00edcias\"],\"inLanguage\":\"pt-PT\",\"potentialAction\":[{\"@type\":\"CommentAction\",\"name\":\"Comment\",\"target\":[\"https:\\\/\\\/lifeinvasaqua.com\\\/pt-pt\\\/life-invasaqua-peixes-tejo\\\/#respond\"]}]},{\"@type\":\"WebPage\",\"@id\":\"https:\\\/\\\/lifeinvasaqua.com\\\/pt-pt\\\/life-invasaqua-peixes-tejo\\\/\",\"url\":\"https:\\\/\\\/lifeinvasaqua.com\\\/pt-pt\\\/life-invasaqua-peixes-tejo\\\/\",\"name\":\"O projeto Life Invasaqua no semin\u00e1rio sobre peixes do Tejo\",\"isPartOf\":{\"@id\":\"https:\\\/\\\/lifeinvasaqua.com\\\/pt-pt\\\/#website\"},\"primaryImageOfPage\":{\"@id\":\"https:\\\/\\\/lifeinvasaqua.com\\\/pt-pt\\\/life-invasaqua-peixes-tejo\\\/#primaryimage\"},\"image\":{\"@id\":\"https:\\\/\\\/lifeinvasaqua.com\\\/pt-pt\\\/life-invasaqua-peixes-tejo\\\/#primaryimage\"},\"thumbnailUrl\":\"https:\\\/\\\/i0.wp.com\\\/lifeinvasaqua.com\\\/wp-content\\\/uploads\\\/2019\\\/06\\\/IMG-20190619-WA0009.jpg?fit=1920%2C1440&ssl=1\",\"datePublished\":\"2019-06-21T12:26:14+00:00\",\"dateModified\":\"2022-05-31T11:14:04+00:00\",\"author\":{\"@id\":\"https:\\\/\\\/lifeinvasaqua.com\\\/pt-pt\\\/#\\\/schema\\\/person\\\/8af4d4239e9cda4d925c162fe65b1fb3\"},\"description\":\"Participa\u00e7\u00e3o do projeto Life Invasaqua no semin\u00e1rio sobre peixes do Tejo, organizado pela Ag\u00eancia Portuguesa do Ambiente.\",\"inLanguage\":\"pt-PT\",\"potentialAction\":[{\"@type\":\"ReadAction\",\"target\":[\"https:\\\/\\\/lifeinvasaqua.com\\\/pt-pt\\\/life-invasaqua-peixes-tejo\\\/\"]}]},{\"@type\":\"ImageObject\",\"inLanguage\":\"pt-PT\",\"@id\":\"https:\\\/\\\/lifeinvasaqua.com\\\/pt-pt\\\/life-invasaqua-peixes-tejo\\\/#primaryimage\",\"url\":\"https:\\\/\\\/i0.wp.com\\\/lifeinvasaqua.com\\\/wp-content\\\/uploads\\\/2019\\\/06\\\/IMG-20190619-WA0009.jpg?fit=1920%2C1440&ssl=1\",\"contentUrl\":\"https:\\\/\\\/i0.wp.com\\\/lifeinvasaqua.com\\\/wp-content\\\/uploads\\\/2019\\\/06\\\/IMG-20190619-WA0009.jpg?fit=1920%2C1440&ssl=1\",\"width\":1920,\"height\":1440,\"caption\":\"tejo||\"},{\"@type\":\"WebSite\",\"@id\":\"https:\\\/\\\/lifeinvasaqua.com\\\/pt-pt\\\/#website\",\"url\":\"https:\\\/\\\/lifeinvasaqua.com\\\/pt-pt\\\/\",\"name\":\"Life Invasaqua\",\"description\":\"\",\"potentialAction\":[{\"@type\":\"SearchAction\",\"target\":{\"@type\":\"EntryPoint\",\"urlTemplate\":\"https:\\\/\\\/lifeinvasaqua.com\\\/pt-pt\\\/?s={search_term_string}\"},\"query-input\":{\"@type\":\"PropertyValueSpecification\",\"valueRequired\":true,\"valueName\":\"search_term_string\"}}],\"inLanguage\":\"pt-PT\"},{\"@type\":\"Person\",\"@id\":\"https:\\\/\\\/lifeinvasaqua.com\\\/pt-pt\\\/#\\\/schema\\\/person\\\/8af4d4239e9cda4d925c162fe65b1fb3\",\"name\":\"lifeEditor\",\"image\":{\"@type\":\"ImageObject\",\"inLanguage\":\"pt-PT\",\"@id\":\"https:\\\/\\\/secure.gravatar.com\\\/avatar\\\/7633ff698dc5aea47911bfd190b160fffdabdadbbbd61d52c102058355de331e?s=96&d=identicon&r=g\",\"url\":\"https:\\\/\\\/secure.gravatar.com\\\/avatar\\\/7633ff698dc5aea47911bfd190b160fffdabdadbbbd61d52c102058355de331e?s=96&d=identicon&r=g\",\"contentUrl\":\"https:\\\/\\\/secure.gravatar.com\\\/avatar\\\/7633ff698dc5aea47911bfd190b160fffdabdadbbbd61d52c102058355de331e?s=96&d=identicon&r=g\",\"caption\":\"lifeEditor\"},\"description\":\"LIFE17 GIE\\\/ES\\\/000515 Life Invasaqua de la UE. Especies ex\u00f3ticas invasoras de agua dulce y sistemas estuarinos: sensibilizaci\u00f3n y prevenci\u00f3n en la Pen\u00ednsula Ib\u00e9rica\",\"sameAs\":[\"http:\\\/\\\/www.efeverde.com\"],\"url\":\"https:\\\/\\\/lifeinvasaqua.com\\\/pt-pt\\\/author\\\/lifeeditor\\\/\"}]}<\/script>\n<!-- \/ Yoast SEO plugin. -->","yoast_head_json":{"title":"O projeto Life Invasaqua no semin\u00e1rio sobre peixes do Tejo","description":"Participa\u00e7\u00e3o do projeto Life Invasaqua no semin\u00e1rio sobre peixes do Tejo, organizado pela Ag\u00eancia Portuguesa do Ambiente.","robots":{"index":"index","follow":"follow","max-snippet":"max-snippet:-1","max-image-preview":"max-image-preview:large","max-video-preview":"max-video-preview:-1"},"canonical":"https:\/\/lifeinvasaqua.com\/pt-pt\/life-invasaqua-peixes-tejo\/","og_locale":"pt_PT","og_type":"article","og_title":"O projeto Life Invasaqua no semin\u00e1rio sobre peixes do Tejo","og_description":"Participa\u00e7\u00e3o do projeto Life Invasaqua no semin\u00e1rio sobre peixes do Tejo, organizado pela Ag\u00eancia Portuguesa do Ambiente.","og_url":"https:\/\/lifeinvasaqua.com\/pt-pt\/life-invasaqua-peixes-tejo\/","og_site_name":"Life Invasaqua","article_publisher":"https:\/\/www.facebook.com\/Lifeinvasaqua\/","article_published_time":"2019-06-21T12:26:14+00:00","article_modified_time":"2022-05-31T11:14:04+00:00","og_image":[{"width":1920,"height":1440,"url":"https:\/\/lifeinvasaqua.com\/wp-content\/uploads\/2019\/06\/IMG-20190619-WA0009.jpg","type":"image\/jpeg"}],"author":"lifeEditor","twitter_card":"summary_large_image","twitter_creator":"@lifeinvasaqua","twitter_site":"@lifeinvasaqua","schema":{"@context":"https:\/\/schema.org","@graph":[{"@type":"Article","@id":"https:\/\/lifeinvasaqua.com\/pt-pt\/life-invasaqua-peixes-tejo\/#article","isPartOf":{"@id":"https:\/\/lifeinvasaqua.com\/pt-pt\/life-invasaqua-peixes-tejo\/"},"author":{"name":"lifeEditor","@id":"https:\/\/lifeinvasaqua.com\/pt-pt\/#\/schema\/person\/8af4d4239e9cda4d925c162fe65b1fb3"},"headline":"O projeto Life Invasaqua no semin\u00e1rio sobre peixes do Tejo","datePublished":"2019-06-21T12:26:14+00:00","dateModified":"2022-05-31T11:14:04+00:00","mainEntityOfPage":{"@id":"https:\/\/lifeinvasaqua.com\/pt-pt\/life-invasaqua-peixes-tejo\/"},"wordCount":638,"commentCount":0,"image":{"@id":"https:\/\/lifeinvasaqua.com\/pt-pt\/life-invasaqua-peixes-tejo\/#primaryimage"},"thumbnailUrl":"https:\/\/i0.wp.com\/lifeinvasaqua.com\/wp-content\/uploads\/2019\/06\/IMG-20190619-WA0009.jpg?fit=1920%2C1440&ssl=1","keywords":["ex\u00f3ticas invasoras na Portugal","peixes","portugal","tejo"],"articleSection":["Marcos","Not\u00edcias"],"inLanguage":"pt-PT","potentialAction":[{"@type":"CommentAction","name":"Comment","target":["https:\/\/lifeinvasaqua.com\/pt-pt\/life-invasaqua-peixes-tejo\/#respond"]}]},{"@type":"WebPage","@id":"https:\/\/lifeinvasaqua.com\/pt-pt\/life-invasaqua-peixes-tejo\/","url":"https:\/\/lifeinvasaqua.com\/pt-pt\/life-invasaqua-peixes-tejo\/","name":"O projeto Life Invasaqua no semin\u00e1rio sobre peixes do Tejo","isPartOf":{"@id":"https:\/\/lifeinvasaqua.com\/pt-pt\/#website"},"primaryImageOfPage":{"@id":"https:\/\/lifeinvasaqua.com\/pt-pt\/life-invasaqua-peixes-tejo\/#primaryimage"},"image":{"@id":"https:\/\/lifeinvasaqua.com\/pt-pt\/life-invasaqua-peixes-tejo\/#primaryimage"},"thumbnailUrl":"https:\/\/i0.wp.com\/lifeinvasaqua.com\/wp-content\/uploads\/2019\/06\/IMG-20190619-WA0009.jpg?fit=1920%2C1440&ssl=1","datePublished":"2019-06-21T12:26:14+00:00","dateModified":"2022-05-31T11:14:04+00:00","author":{"@id":"https:\/\/lifeinvasaqua.com\/pt-pt\/#\/schema\/person\/8af4d4239e9cda4d925c162fe65b1fb3"},"description":"Participa\u00e7\u00e3o do projeto Life Invasaqua no semin\u00e1rio sobre peixes do Tejo, organizado pela Ag\u00eancia Portuguesa do Ambiente.","inLanguage":"pt-PT","potentialAction":[{"@type":"ReadAction","target":["https:\/\/lifeinvasaqua.com\/pt-pt\/life-invasaqua-peixes-tejo\/"]}]},{"@type":"ImageObject","inLanguage":"pt-PT","@id":"https:\/\/lifeinvasaqua.com\/pt-pt\/life-invasaqua-peixes-tejo\/#primaryimage","url":"https:\/\/i0.wp.com\/lifeinvasaqua.com\/wp-content\/uploads\/2019\/06\/IMG-20190619-WA0009.jpg?fit=1920%2C1440&ssl=1","contentUrl":"https:\/\/i0.wp.com\/lifeinvasaqua.com\/wp-content\/uploads\/2019\/06\/IMG-20190619-WA0009.jpg?fit=1920%2C1440&ssl=1","width":1920,"height":1440,"caption":"tejo||"},{"@type":"WebSite","@id":"https:\/\/lifeinvasaqua.com\/pt-pt\/#website","url":"https:\/\/lifeinvasaqua.com\/pt-pt\/","name":"Life Invasaqua","description":"","potentialAction":[{"@type":"SearchAction","target":{"@type":"EntryPoint","urlTemplate":"https:\/\/lifeinvasaqua.com\/pt-pt\/?s={search_term_string}"},"query-input":{"@type":"PropertyValueSpecification","valueRequired":true,"valueName":"search_term_string"}}],"inLanguage":"pt-PT"},{"@type":"Person","@id":"https:\/\/lifeinvasaqua.com\/pt-pt\/#\/schema\/person\/8af4d4239e9cda4d925c162fe65b1fb3","name":"lifeEditor","image":{"@type":"ImageObject","inLanguage":"pt-PT","@id":"https:\/\/secure.gravatar.com\/avatar\/7633ff698dc5aea47911bfd190b160fffdabdadbbbd61d52c102058355de331e?s=96&d=identicon&r=g","url":"https:\/\/secure.gravatar.com\/avatar\/7633ff698dc5aea47911bfd190b160fffdabdadbbbd61d52c102058355de331e?s=96&d=identicon&r=g","contentUrl":"https:\/\/secure.gravatar.com\/avatar\/7633ff698dc5aea47911bfd190b160fffdabdadbbbd61d52c102058355de331e?s=96&d=identicon&r=g","caption":"lifeEditor"},"description":"LIFE17 GIE\/ES\/000515 Life Invasaqua de la UE. Especies ex\u00f3ticas invasoras de agua dulce y sistemas estuarinos: sensibilizaci\u00f3n y prevenci\u00f3n en la Pen\u00ednsula Ib\u00e9rica","sameAs":["http:\/\/www.efeverde.com"],"url":"https:\/\/lifeinvasaqua.com\/pt-pt\/author\/lifeeditor\/"}]}},"jetpack_publicize_connections":[],"jetpack_shortlink":"https:\/\/wp.me\/pdZEhQ-teI","jetpack_sharing_enabled":true,"jetpack_featured_media_url":"https:\/\/i0.wp.com\/lifeinvasaqua.com\/wp-content\/uploads\/2019\/06\/IMG-20190619-WA0009.jpg?fit=1920%2C1440&ssl=1","_links":{"self":[{"href":"https:\/\/lifeinvasaqua.com\/pt-pt\/wp-json\/wp\/v2\/posts\/112388","targetHints":{"allow":["GET"]}}],"collection":[{"href":"https:\/\/lifeinvasaqua.com\/pt-pt\/wp-json\/wp\/v2\/posts"}],"about":[{"href":"https:\/\/lifeinvasaqua.com\/pt-pt\/wp-json\/wp\/v2\/types\/post"}],"author":[{"embeddable":true,"href":"https:\/\/lifeinvasaqua.com\/pt-pt\/wp-json\/wp\/v2\/users\/198164074"}],"replies":[{"embeddable":true,"href":"https:\/\/lifeinvasaqua.com\/pt-pt\/wp-json\/wp\/v2\/comments?post=112388"}],"version-history":[{"count":2,"href":"https:\/\/lifeinvasaqua.com\/pt-pt\/wp-json\/wp\/v2\/posts\/112388\/revisions"}],"predecessor-version":[{"id":112599,"href":"https:\/\/lifeinvasaqua.com\/pt-pt\/wp-json\/wp\/v2\/posts\/112388\/revisions\/112599"}],"wp:featuredmedia":[{"embeddable":true,"href":"https:\/\/lifeinvasaqua.com\/pt-pt\/wp-json\/wp\/v2\/media\/14469"}],"wp:attachment":[{"href":"https:\/\/lifeinvasaqua.com\/pt-pt\/wp-json\/wp\/v2\/media?parent=112388"}],"wp:term":[{"taxonomy":"category","embeddable":true,"href":"https:\/\/lifeinvasaqua.com\/pt-pt\/wp-json\/wp\/v2\/categories?post=112388"},{"taxonomy":"post_tag","embeddable":true,"href":"https:\/\/lifeinvasaqua.com\/pt-pt\/wp-json\/wp\/v2\/tags?post=112388"}],"curies":[{"name":"wp","href":"https:\/\/api.w.org\/{rel}","templated":true}]}}